{"id":15082,"date":"2022-04-19T11:02:24","date_gmt":"2022-04-19T14:02:24","guid":{"rendered":"https:\/\/chacosintesis.com.ar\/?p=15082"},"modified":"2022-04-19T11:07:12","modified_gmt":"2022-04-19T14:07:12","slug":"comienza-manana-en-chaco-el-juicio-conscriptos-por-delitos-de-lesa-humanidad","status":"publish","type":"post","link":"https:\/\/chacosintesis.com.ar\/index.php\/comienza-manana-en-chaco-el-juicio-conscriptos-por-delitos-de-lesa-humanidad\/","title":{"rendered":"Comienza ma\u00f1ana en Chaco el juicio &#8220;Conscriptos&#8221; por delitos de lesa humanidad"},"content":{"rendered":"<p>El Tribunal Oral Federal de Resistencia dar\u00e1 inicio ma\u00f1ana al juicio &#8220;Conscriptos&#8221;, en el que se juzgar\u00e1 a cuatro oficiales del Ej\u00e9rcito, suboficiales y oficiales de la Direcci\u00f3n de Investigaciones de la Polic\u00eda del Chaco y un guardiac\u00e1rcel de la Alcaid\u00eda policial por delitos de lesa humanidad cometidos durante la dictadura c\u00edvico militar en perjuicio de cinco v\u00edctimas que estuvieron secuestradas en la Brigada de Investigaciones de Resistencia y en la Alcaid\u00eda policial de esa ciudad.<br \/>\nEl juicio comenzar\u00e1 a las 8.30 y estar\u00e1n sentados en el banquillo de los acusados los militares (re) Ernesto Simoni, Ricardo Reyes , Aldo Mart\u00ednez Seg\u00f3n y Luis Alberto Patetta; los polic\u00edas de la Brigada de Investigaciones Jos\u00e9 Francisco Rodr\u00edguez Valiente , Gabino Manader, Jos\u00e9 Mar\u00edn y Juan de la Cruz L\u00f3pez de la Direcci\u00f3n de Investigaciones de la Polic\u00eda del Chaco y los guardiac\u00e1rceles de Alcaid\u00eda H\u00e9ctor Roldan y Miguel \u00c1ngel Vittorello.<br \/>\nDurante el proceso se abordar\u00e1 los cr\u00edmenes cometidos contra cinco v\u00edctimas, dos de ellas, Ricardo Uferer y Eduardo Luque, militantes pol\u00edticos que realizaban la conscripci\u00f3n en el Regimiento La Liguria de Resistencia a mediados de 1976 y fueron secuestrados y confinados en el centro clandestino de detenci\u00f3n que funcionara en la ex Brigada de Investigaciones, actual Casa por la Memoria.<br \/>\nLa fiscal\u00eda acus\u00f3 a los imputados, por los delitos de privaci\u00f3n ileg\u00edtima de la libertad agravada y aplicaci\u00f3n de tormentos agravados.<br \/>\nLuque y Uferer militaban en la Juventud Peronista de Chaco, fueron secuestrados en junio de 1976 cuando cumpl\u00edan el servicio militar en el regimiento del Ej\u00e9rcito ubicado en el barrio La Liguria, de Resistencia. Estaban destinados en bater\u00edas diferentes del regimiento, cuando el 12 de junio se produce el secuestro de Luque, que es informado por un oficial en la Plaza de Armas de la unidad y el 22 de junio es capturado Uferer, que al igual que su compa\u00f1ero es trasladado a la Brigada de Investigaciones de la Polic\u00eda del Chaco.<br \/>\nAmbos fueron torturados juntos y por separado en lugares conocidos como &#8220;sala negra&#8221; y &#8220;el s\u00f3tano&#8221;, y en septiembre son trasladados a la alcald\u00eda policial, donde reconocen al oficial Lucio Humberto Caballero como uno de los jefes que ordenaban las torturas.<br \/>\nEn la alcald\u00eda, Luque y Uferer vieron a varios de los prisioneros que luego ser\u00edan ejecutados en la Masacre de Margarita Bel\u00e9n, donde mataron a once militantes y otros cuatro fueron desaparecidos en un fingido intento de fuga.<br \/>\nSeg\u00fan diagram\u00f3 el Tribunal, integrado por Noemi Marta Berros, Liliana Graciela Carnero y Roberto L\u00f3pez Arango, tras el inicio habr\u00e1 audiencias el jueves 21 y el viernes 22 de abril, el 20 y 27 de mayo y el 9 de junio.<br \/>\nEste proceso ser\u00e1 el noveno por cr\u00edmenes de lesa humanidad que se realiza en la provincia, luego de los juicios por fusilamientos clandestinos &#8220;Causa Masacre de Margarita Bel\u00e9n 1, 2 (Causa Tozzo) y 3 (Causa Chas)&#8221;; por torturas &#8220;Brigada\/ Caballero&#8221; 1 , 2 y 3 ; y por la persecuci\u00f3n a militantes del agro denominado &#8220;Causa Ligas Agrarias&#8221; y por complicidad judicial &#8220;Mazzoni Casco&#8221;.<br \/>\nFuente: T\u00e9lam<\/p>\n","protected":false},"excerpt":{"rendered":"<p>El Tribunal Oral Federal de Resistencia dar\u00e1 inicio ma\u00f1ana al juicio &#8220;Conscriptos&#8221;, en el que se juzgar\u00e1 a cuatro oficiales del Ej\u00e9rcito, suboficiales y oficiales de la Direcci\u00f3n de Investigaciones de la Polic\u00eda del Chaco y un guardiac\u00e1rcel de la Alcaid\u00eda policial por delitos de lesa humanidad cometidos durante la dictadura c\u00edvico militar en perjuicio [&hellip;]<\/p>\n","protected":false},"author":1,"featured_media":15083,"comment_status":"closed","ping_status":"closed","sticky":false,"template":"","format":"standard","meta":{"footnotes":""},"categories":[6],"tags":[],"class_list":{"0":"post-15082","1":"post","2":"type-post","3":"status-publish","4":"format-standard","5":"has-post-thumbnail","7":"category-chaco"},"_links":{"self":[{"href":"https:\/\/chacosintesis.com.ar\/index.php\/wp-json\/wp\/v2\/posts\/15082","targetHints":{"allow":["GET"]}}],"collection":[{"href":"https:\/\/chacosintesis.com.ar\/index.php\/wp-json\/wp\/v2\/posts"}],"about":[{"href":"https:\/\/chacosintesis.com.ar\/index.php\/wp-json\/wp\/v2\/types\/post"}],"author":[{"embeddable":true,"href":"https:\/\/chacosintesis.com.ar\/index.php\/wp-json\/wp\/v2\/users\/1"}],"replies":[{"embeddable":true,"href":"https:\/\/chacosintesis.com.ar\/index.php\/wp-json\/wp\/v2\/comments?post=15082"}],"version-history":[{"count":0,"href":"https:\/\/chacosintesis.com.ar\/index.php\/wp-json\/wp\/v2\/posts\/15082\/revisions"}],"wp:featuredmedia":[{"embeddable":true,"href":"https:\/\/chacosintesis.com.ar\/index.php\/wp-json\/wp\/v2\/media\/15083"}],"wp:attachment":[{"href":"https:\/\/chacosintesis.com.ar\/index.php\/wp-json\/wp\/v2\/media?parent=15082"}],"wp:term":[{"taxonomy":"category","embeddable":true,"href":"https:\/\/chacosintesis.com.ar\/index.php\/wp-json\/wp\/v2\/categories?post=15082"},{"taxonomy":"post_tag","embeddable":true,"href":"https:\/\/chacosintesis.com.ar\/index.php\/wp-json\/wp\/v2\/tags?post=15082"}],"curies":[{"name":"wp","href":"https:\/\/api.w.org\/{rel}","templated":true}]}}