{"id":15066,"date":"2022-04-18T12:35:45","date_gmt":"2022-04-18T15:35:45","guid":{"rendered":"https:\/\/chacosintesis.com.ar\/?p=15066"},"modified":"2022-04-18T12:36:53","modified_gmt":"2022-04-18T15:36:53","slug":"inundaciones-zona-rural-del-sudoeste-sin-caminos-sin-clases-ni-asistencia-de-salud","status":"publish","type":"post","link":"https:\/\/chacosintesis.com.ar\/index.php\/inundaciones-zona-rural-del-sudoeste-sin-caminos-sin-clases-ni-asistencia-de-salud\/","title":{"rendered":"Inundaciones: zona rural del sudoeste sin caminos, sin clases ni asistencia de salud"},"content":{"rendered":"<p>La problem\u00e1tica h\u00eddrica que, desde hace un mes, asola a tres departamentos, se agrava<br \/>\nHace m\u00e1s de 15 d\u00edas los vecinos de Pampa Avila y Tres Estacas aseguraban que la situaci\u00f3n de exceso h\u00eddrico era m\u00e1s grave que en 2019, d\u00edas despu\u00e9s volvi\u00f3 a llover, y hace un mes la vida de miles de personas que habitan la zona rural de Charata, Pinedo y Las Bre\u00f1as cambi\u00f3 rotundamente. No hay clases, no pueden tener asistencia m\u00e9dica en salas de primeros auxilios, muchos tienen agua dentro de sus casas, y los caminos, como la ruta 12 clave conexi\u00f3n con centros urbanos, adem\u00e1s de comercial y productiva con Santiago del Estero, est\u00e1 intransitable.<br \/>\nPampa Avila, est\u00e1 ubicada a 48 kil\u00f3metros de Charata Mar\u00eda Cristina, vive a dos kil\u00f3metros con su esposo y siete hijos. Tiene agua dentro de su casa, y alrededores. &#8220;Hace m\u00e1s de un mes que estamos as\u00ed, con tarimas dentro de la casa para no estar dentro del agua. Hacemos canaletas, pero a las dos horas est\u00e1 de nuevo el agua adentro. No tenemos agua para tomar, porque se desmoron\u00f3 el pozo. El ba\u00f1o lo tenemos afuera. Necesitamos que hagan alcantarillas, que hagan terrapl\u00e9n. El agua que vine a mi casa baja del norte, y se va por la 12&#8221;, cont\u00f3, para ejemplificar el panorama complejo que viven las comunidades rurales.<br \/>\nIsabel, otra vecina del lugar dijo &#8220;no se puede estar de noche por los mosquitos, y adem\u00e1s tengo diabetes. Adem\u00e1s, tengo una herida en el pie. Yo sola, con mi marido estamos ac\u00e1, y a veces no podemos salir&#8221;<br \/>\n&#8220;Necesitamos que se haga la ruta porque los chicos no pueden ir al colegio, y si nos enfermamos no hay camino para salir. Mi hija empez\u00f3 la terciaria, y tiene que ir a Charata. Los maestros y profesores no pueden llegar, pero los chicos tampoco. Mi otra hija hace un mes que no tiene clase (concurren al colegio de Pampa Cejas). Esto no es ruta, ni camino, es pr\u00e1cticamente una picada. No es vida esto&#8221;, insisti\u00f3 Roxana.<br \/>\nMar\u00eda es m\u00e1s contundente y pide la presencia \u2013en obras- de las autoridades. &#8220;Necesitamos que APA y Vialidad Provincial se hagan cargo de la situaci\u00f3n. Porque no tenemos ruta, porque directamente es un canal. El rellanado de la 12 termin\u00f3 en Charata despu\u00e9s de la primera lluvia. No tenemos respuestas. Hay familias que tuvieron que abandonar sus casa, no tenemos colegios, ni sala de salud, y ni hablar del trabajo porque los productores no pueden levantar sus cosechas&#8221;, afirm\u00f3.<br \/>\nTres Estacas<br \/>\nLuis, es vecino de otro paraje, quiz\u00e1s el m\u00e1s grande de la regi\u00f3n, que cuenta con alrededor de 1300 habitantes. &#8220;Dentro de todo podemos decir que estamos bien, porque no hay agua adentr\u00f3 de la casa, pero necesitamos obras. Todos los parajes tenemos problemas&#8221;, agreg\u00f3. Muchos, tampoco pueden trabajar, si no hay cosechas.<br \/>\nEl Palmar, zona rural de General Pinedo, fue de los lugares m\u00e1s castigados en 2019, y en este 2022 su situaci\u00f3n tambi\u00e9n es complicada. Karina, habitante de esta regi\u00f3n se\u00f1al\u00f3 &#8220;estamos preocupados porque no tenemos ruta, no tenemos salida. Si alguien se llega a enfermar c\u00f3mo salimos. No pueden llegar los maestros. Nos preocupa todo. Hemos pedido muchas cosas para la escuela en 2019 que no llegaron. La escuela tiene agua, la sala de primeros auxilios tiene agua. Necesitamos canales&#8221;, dice en un tono menos resignado que el resto y con m\u00e1s enf\u00e1sis.<br \/>\nUlises,  record\u00f3 que el 2022 comenz\u00f3 con problemas por la situaci\u00f3n de abastecimiento de energ\u00eda el\u00e9ctrica en el verano, y ahora lleg\u00f3 el agua. &#8220;Vialidad hizo un canal, que es m\u00e1s una zanja, teniendo en cuenta la cantidad de agua que recibimos. Necesitamos la presencia de las autoridades. Vialidad est\u00e1 de paro, APA viene cada tanto, con un estudio abajo del brazo, pero no necesitamos m\u00e1s estudios; es la tercera vez en cinco a\u00f1os que el agua muestra donde quiere ir&#8221;, remarc\u00f3<br \/>\nEl oto\u00f1o est\u00e1 llegando con temperaturas m\u00e1s bajas, y adem\u00e1s de los insectos y v\u00edboras, a los habitantes de esta importante regi\u00f3n rural, les preocupa la incertidumbre por respuestas a largo plazo.<br \/>\n DIARIO NORTE.-<\/p>\n","protected":false},"excerpt":{"rendered":"<p>La problem\u00e1tica h\u00eddrica que, desde hace un mes, asola a tres departamentos, se agrava Hace m\u00e1s de 15 d\u00edas los vecinos de Pampa Avila y Tres Estacas aseguraban que la situaci\u00f3n de exceso h\u00eddrico era m\u00e1s grave que en 2019, d\u00edas despu\u00e9s volvi\u00f3 a llover, y hace un mes la vida de miles de personas [&hellip;]<\/p>\n","protected":false},"author":1,"featured_media":15067,"comment_status":"closed","ping_status":"closed","sticky":false,"template":"","format":"standard","meta":{"footnotes":""},"categories":[6],"tags":[],"class_list":{"0":"post-15066","1":"post","2":"type-post","3":"status-publish","4":"format-standard","5":"has-post-thumbnail","7":"category-chaco"},"_links":{"self":[{"href":"https:\/\/chacosintesis.com.ar\/index.php\/wp-json\/wp\/v2\/posts\/15066","targetHints":{"allow":["GET"]}}],"collection":[{"href":"https:\/\/chacosintesis.com.ar\/index.php\/wp-json\/wp\/v2\/posts"}],"about":[{"href":"https:\/\/chacosintesis.com.ar\/index.php\/wp-json\/wp\/v2\/types\/post"}],"author":[{"embeddable":true,"href":"https:\/\/chacosintesis.com.ar\/index.php\/wp-json\/wp\/v2\/users\/1"}],"replies":[{"embeddable":true,"href":"https:\/\/chacosintesis.com.ar\/index.php\/wp-json\/wp\/v2\/comments?post=15066"}],"version-history":[{"count":0,"href":"https:\/\/chacosintesis.com.ar\/index.php\/wp-json\/wp\/v2\/posts\/15066\/revisions"}],"wp:featuredmedia":[{"embeddable":true,"href":"https:\/\/chacosintesis.com.ar\/index.php\/wp-json\/wp\/v2\/media\/15067"}],"wp:attachment":[{"href":"https:\/\/chacosintesis.com.ar\/index.php\/wp-json\/wp\/v2\/media?parent=15066"}],"wp:term":[{"taxonomy":"category","embeddable":true,"href":"https:\/\/chacosintesis.com.ar\/index.php\/wp-json\/wp\/v2\/categories?post=15066"},{"taxonomy":"post_tag","embeddable":true,"href":"https:\/\/chacosintesis.com.ar\/index.php\/wp-json\/wp\/v2\/tags?post=15066"}],"curies":[{"name":"wp","href":"https:\/\/api.w.org\/{rel}","templated":true}]}}