{"id":15036,"date":"2022-04-13T19:45:47","date_gmt":"2022-04-13T22:45:47","guid":{"rendered":"https:\/\/chacosintesis.com.ar\/?p=15036"},"modified":"2022-04-13T20:07:59","modified_gmt":"2022-04-13T23:07:59","slug":"femicidio-de-jorgelina-reinoso-el-gobierno-escuchara-demandas-de-la-comunidad-wichi-y-de-la-familia","status":"publish","type":"post","link":"https:\/\/chacosintesis.com.ar\/index.php\/femicidio-de-jorgelina-reinoso-el-gobierno-escuchara-demandas-de-la-comunidad-wichi-y-de-la-familia\/","title":{"rendered":"Femicidio de Jorgelina Reinoso: el gobierno escuchar\u00e1 demandas de la comunidad wich\u00ed y de la familia"},"content":{"rendered":"<p>Tras el femicidio, el Gobierno provincial lleva adelante una intervenci\u00f3n integral del hecho con acompa\u00f1amiento a la comunidad wich\u00ed de la zona.<br \/>\n En el marco de la intervenci\u00f3n que realiza el Estado provincial en coordinaci\u00f3n con el Ministerio P\u00fablico Fiscal en la investigaci\u00f3n del femicidio de Jorgelina Reinoso ocurrido el 20 de marzo pasado en El Sauzalito, autoridades llevar\u00e1n adelante una reuni\u00f3n con la comunidad wich\u00ed el pr\u00f3ximo lunes 18 de abril.<br \/>\nDesde el primer momento, el Gobierno provincial ha conformado un equipo interdisciplinario integrado por representantes de la Vicegobernaci\u00f3n, del Ministerio de Seguridad y Justicia y del \u00e1rea de Litigios Estrat\u00e9gicos de la Secretar\u00eda de Derechos Humanos y G\u00e9neros de la provincia. Este equipo se hizo presente en El Sauzalito para dialogar con vecinos y familiares de la v\u00edctima, y entrevistarse con las autoridades policiales y la fiscal\u00eda intervinientes en la investigaci\u00f3n.<br \/>\nEl trabajo investigativo realizado por el equipo fiscal a cargo, permiti\u00f3 hallar al principal sospechoso, quien se encuentra a disposici\u00f3n de la Justicia, mientras se avanza en los pormenores del crimen y en esclarecer si participaron una o m\u00e1s personas.<br \/>\nEn ese marco, el equipo interdisciplinario se comprometi\u00f3 a intervenir en el expediente de manera activa con ofrecimiento de pruebas y articulaci\u00f3n con familiares y continuar el trabajo en territorio a fin de generar un nexo entre la Justicia y la comunidad wich\u00ed, siempre desde el lugar que corresponde como Poder Ejecutivo, puesto que la investigaci\u00f3n penal del femicidio se encuentra a cargo del Ministerio P\u00fablico Fiscal.<\/p>\n<p>Mientras que la Secretar\u00eda de DDHH y G\u00e9neros, a trav\u00e9s de Litigios Estrat\u00e9gicos, se constituy\u00f3 como querellante en la causa. Tambi\u00e9n se pusieron a disposici\u00f3n de la familia para evacuar dudas y ser una v\u00eda de comunicaci\u00f3n entre la Fiscal\u00eda y la familia, inform\u00e1ndoles tambi\u00e9n sobre la Ley Brisa y ayudas urgentes del Estado para estas situaciones.<br \/>\nDesde el hecho hasta el momento, la Vicegobernaci\u00f3n ha encabezado dos encuentros con representantes de las comunidades de Nueva Pompeya y Miraflores, pero no as\u00ed de El Sauzalito, quienes no pudieron concurrir en ambas oportunidades. Reuniones en las que se trat\u00f3, entre otros temas, las situaciones de violencias, femicidios y otros hechos delictivos que afectan a los pueblos ind\u00edgenas de la provincia.<\/p>\n<p>Sin embargo, ante los \u00faltimos acontecimientos, el Gobierno provincial ha acordado que representantes de la comunidad wich\u00ed de El Sauzalito y miembros del Poder Ejecutivo se re\u00fanan en la localidad el pr\u00f3ximo lunes 18 de abril. As\u00ed, a trav\u00e9s del di\u00e1logo, se escuchar\u00e1n las inquietudes de la comunidad y de la familia de Jorgelina Reinoso.<br \/>\nDicha reuni\u00f3n estaba pactada para inicios de la semana, pero no pudo concretarse por las inclemencias del tiempo. En ese encuentro participar\u00e1n la ministra de Seguridad y Justicia, Gloria Zalazar, representantes de la Secretar\u00eda de DDHH y G\u00e9neros, los subsecretarios de ambas carteras y el Procurador General, Jorge Canteros.<br \/>\nAsimismo, en virtud de los hechos de violencia que ocurrieron este mi\u00e9rcoles contra edificios de instituciones p\u00fablicas, se encuentra presente personal de la Polic\u00eda del Chaco con el \u00fanico objetivo de garantizar la paz social, evitar da\u00f1os y violencia entre las personas. Tambi\u00e9n la Jueza de Paz de El Sauzalito y los trabajadores del Juzgado se encuentran con custodia y acompa\u00f1amiento policial.<\/p>\n","protected":false},"excerpt":{"rendered":"<p>Tras el femicidio, el Gobierno provincial lleva adelante una intervenci\u00f3n integral del hecho con acompa\u00f1amiento a la comunidad wich\u00ed de la zona. En el marco de la intervenci\u00f3n que realiza el Estado provincial en coordinaci\u00f3n con el Ministerio P\u00fablico Fiscal en la investigaci\u00f3n del femicidio de Jorgelina Reinoso ocurrido el 20 de marzo pasado en [&hellip;]<\/p>\n","protected":false},"author":1,"featured_media":15037,"comment_status":"closed","ping_status":"closed","sticky":false,"template":"","format":"standard","meta":{"footnotes":""},"categories":[6],"tags":[],"class_list":{"0":"post-15036","1":"post","2":"type-post","3":"status-publish","4":"format-standard","5":"has-post-thumbnail","7":"category-chaco"},"_links":{"self":[{"href":"https:\/\/chacosintesis.com.ar\/index.php\/wp-json\/wp\/v2\/posts\/15036","targetHints":{"allow":["GET"]}}],"collection":[{"href":"https:\/\/chacosintesis.com.ar\/index.php\/wp-json\/wp\/v2\/posts"}],"about":[{"href":"https:\/\/chacosintesis.com.ar\/index.php\/wp-json\/wp\/v2\/types\/post"}],"author":[{"embeddable":true,"href":"https:\/\/chacosintesis.com.ar\/index.php\/wp-json\/wp\/v2\/users\/1"}],"replies":[{"embeddable":true,"href":"https:\/\/chacosintesis.com.ar\/index.php\/wp-json\/wp\/v2\/comments?post=15036"}],"version-history":[{"count":0,"href":"https:\/\/chacosintesis.com.ar\/index.php\/wp-json\/wp\/v2\/posts\/15036\/revisions"}],"wp:featuredmedia":[{"embeddable":true,"href":"https:\/\/chacosintesis.com.ar\/index.php\/wp-json\/wp\/v2\/media\/15037"}],"wp:attachment":[{"href":"https:\/\/chacosintesis.com.ar\/index.php\/wp-json\/wp\/v2\/media?parent=15036"}],"wp:term":[{"taxonomy":"category","embeddable":true,"href":"https:\/\/chacosintesis.com.ar\/index.php\/wp-json\/wp\/v2\/categories?post=15036"},{"taxonomy":"post_tag","embeddable":true,"href":"https:\/\/chacosintesis.com.ar\/index.php\/wp-json\/wp\/v2\/tags?post=15036"}],"curies":[{"name":"wp","href":"https:\/\/api.w.org\/{rel}","templated":true}]}}