{"id":15024,"date":"2022-04-13T08:32:49","date_gmt":"2022-04-13T11:32:49","guid":{"rendered":"https:\/\/chacosintesis.com.ar\/?p=15024"},"modified":"2022-04-13T08:37:32","modified_gmt":"2022-04-13T11:37:32","slug":"convergencia-social-chaco-necesita-una-alternativa-que-nos-permita-sonar","status":"publish","type":"post","link":"https:\/\/chacosintesis.com.ar\/index.php\/convergencia-social-chaco-necesita-una-alternativa-que-nos-permita-sonar\/","title":{"rendered":"Convergencia Social: &#8220;\u201cChaco necesita una alternativa que nos permita so\u00f1ar\u201d&#8221;"},"content":{"rendered":"<p>Con la presencia del ex gobernador Angel Rozas, el presidente del interbloque de diputados provinciales Carim Peche, el diputado nacional Juan Carlos Polini, el senador nacional V\u00edctor Zimmermann, legisladores, intendentes, concejales y militantes,  Convergencia Social-UCR realiz\u00f3 la reuni\u00f3n de dirigentes del \u00e1rea metropolitana. Este encuentro, que forma parte de una serie de reuniones a llevarse a cabo en cada regi\u00f3n de la provincia, tuvo como objetivo analizar la situaci\u00f3n econ\u00f3mica y social y coordinar una agenda de trabajo fijando como base la unidad de la Uni\u00f3n C\u00edvica Radical hacia la conformaci\u00f3n de un amplio frente alternativo al kirchnerismo con vistas a las elecciones del a\u00f1o 2023.   Al finalizar el encuentro, se dio a conocer un documento:<br \/>\n\u201cLa provincia del Chaco atraviesa una de las peores crisis de la historia. El 53% de pobres y 17% de indigentes que muestran las estad\u00edsticas son un claro reflejo de la situaci\u00f3n.  Salarios y jubilaciones por debajo de la l\u00ednea de pobreza, trabajadores precarizados, el sector privado, comercios, industrias, pymes, emprendedores, etc,  todos ellos principales generadores de empleo, asfixiados con impuestos y m\u00e1s impuestos.<br \/>\nUna inflaci\u00f3n que devora a la sociedad, principalmente a las familias m\u00e1s vulnerables. Tarifas de agua y luz impagables, con aumentos del 100% en este \u00faltimo per\u00edodo para un  servicio p\u00e9simo, hace a\u00f1os que el dinero de los usuarios no se destina a invertir en obras y equipamiento necesario, tampoco a pagar a Cammesa por la energ\u00eda que compra el Chaco.<br \/>\nLa pandemia expuso el abandono del servicio de salud p\u00fablica. Hospitales y centros de salud sin insumos, sin medicamentos, falta de profesionales y gran parte del personal precarizado. La calidad educativa se ha deteriorado al punto de figurar en los \u00faltimos lugares de las evaluaciones nacionales, deficiencias en infraestructura y conectividad.  Si hablamos de inseguridad, se ha transformado en un flagelo del que este gobierno elige no hablar ni ocuparse.<br \/>\nLa paradoja es que todo esto sucede en la cuarta provincia que m\u00e1s recursos recibe de la Naci\u00f3n. Est\u00e1 claro que el dinero sobra,  pero tambi\u00e9n sobra el desorden.<br \/>\nQuienes integramos Convergencia Social-UCR sabemos que lograr un cambio es necesario lo que hoy no existe ni en la Naci\u00f3n ni en la provincia: un plan, un rumbo, saber hacia d\u00f3nde vamos y c\u00f3mo llegar. Es imprescindible darle al pueblo del Chaco previsibilidad, orden, paz, desarrollo. Para alcanzar ese objetivo necesitamos de ciudadanos que compartan estos sue\u00f1os, si piensan distinto mejor, porque de la diversidad surgen m\u00e1s y mejores ideas, basta tener coincidencias en un programa pol\u00edtico, econ\u00f3mico y social que saque al Chaco de la pobreza y lo inserte en la regi\u00f3n, el pa\u00eds y el mundo mediante la incorporaci\u00f3n de  nuevas tecnolog\u00edas asociadas a pol\u00edticas de desarrollo sostenible.<br \/>\nSomos el cambio, somos la esperanza, somos quienes alzamos la voz y ponemos el alma por un mejor presente y un futuro que nos permita so\u00f1ar.    Los invitamos a ser parte de este maravilloso desaf\u00edo.<\/p>\n","protected":false},"excerpt":{"rendered":"<p>Con la presencia del ex gobernador Angel Rozas, el presidente del interbloque de diputados provinciales Carim Peche, el diputado nacional Juan Carlos Polini, el senador nacional V\u00edctor Zimmermann, legisladores, intendentes, concejales y militantes, Convergencia Social-UCR realiz\u00f3 la reuni\u00f3n de dirigentes del \u00e1rea metropolitana. Este encuentro, que forma parte de una serie de reuniones a llevarse [&hellip;]<\/p>\n","protected":false},"author":1,"featured_media":15025,"comment_status":"closed","ping_status":"closed","sticky":false,"template":"","format":"standard","meta":{"footnotes":""},"categories":[6],"tags":[],"class_list":{"0":"post-15024","1":"post","2":"type-post","3":"status-publish","4":"format-standard","5":"has-post-thumbnail","7":"category-chaco"},"_links":{"self":[{"href":"https:\/\/chacosintesis.com.ar\/index.php\/wp-json\/wp\/v2\/posts\/15024","targetHints":{"allow":["GET"]}}],"collection":[{"href":"https:\/\/chacosintesis.com.ar\/index.php\/wp-json\/wp\/v2\/posts"}],"about":[{"href":"https:\/\/chacosintesis.com.ar\/index.php\/wp-json\/wp\/v2\/types\/post"}],"author":[{"embeddable":true,"href":"https:\/\/chacosintesis.com.ar\/index.php\/wp-json\/wp\/v2\/users\/1"}],"replies":[{"embeddable":true,"href":"https:\/\/chacosintesis.com.ar\/index.php\/wp-json\/wp\/v2\/comments?post=15024"}],"version-history":[{"count":0,"href":"https:\/\/chacosintesis.com.ar\/index.php\/wp-json\/wp\/v2\/posts\/15024\/revisions"}],"wp:featuredmedia":[{"embeddable":true,"href":"https:\/\/chacosintesis.com.ar\/index.php\/wp-json\/wp\/v2\/media\/15025"}],"wp:attachment":[{"href":"https:\/\/chacosintesis.com.ar\/index.php\/wp-json\/wp\/v2\/media?parent=15024"}],"wp:term":[{"taxonomy":"category","embeddable":true,"href":"https:\/\/chacosintesis.com.ar\/index.php\/wp-json\/wp\/v2\/categories?post=15024"},{"taxonomy":"post_tag","embeddable":true,"href":"https:\/\/chacosintesis.com.ar\/index.php\/wp-json\/wp\/v2\/tags?post=15024"}],"curies":[{"name":"wp","href":"https:\/\/api.w.org\/{rel}","templated":true}]}}