{"id":15013,"date":"2022-04-11T20:49:52","date_gmt":"2022-04-11T23:49:52","guid":{"rendered":"https:\/\/chacosintesis.com.ar\/?p=15013"},"modified":"2022-04-11T21:07:58","modified_gmt":"2022-04-12T00:07:58","slug":"lanzamiento-torneo-interprovincial-de-futbol-de-potreros","status":"publish","type":"post","link":"https:\/\/chacosintesis.com.ar\/index.php\/lanzamiento-torneo-interprovincial-de-futbol-de-potreros\/","title":{"rendered":"Lanzamiento Torneo Interprovincial de F\u00fatbol de Potreros"},"content":{"rendered":"<p>En conferencia de prensa realizada en la sede del Instituto del Deporte Chaque\u00f1o, autoridades de dicho organismo en forma conjunta con la Uni\u00f3n Nacional de Clubes de Barrio, efectuaron el lanzamiento del Torneo Interprovincial de Potreros a realizarse en nuestra provincia en el mes de junio.<\/p>\n<p>Estuvieron presentes en la oportunidad Osvaldo P\u00e9rez Cuevas presidente del IDCH, Rub\u00e9n Soto Claude presidente de la filial Chaco de la Uni\u00f3n Nacional de Clubes de Barrio, H\u00e9ctor Barrios presidente de la Liga Metropolitana Barrial, Daniel R\u00edos coordinador general Copa Pasi\u00f3n Libertadores en Corrientes y Daniel Casta\u00f1ar presidente de la Uni\u00f3n de F\u00fatbol Femenino de La Rioja.<\/p>\n<p>Durante el c\u00f3nclave los presentes recalcaron el crecimiento que tuvieron los deportes en los barrios en todo el pa\u00eds, como as\u00ed tambi\u00e9n el trabajo que se est\u00e1 efectuando desde los distintos organismos para mejorarlo constantemente, habida cuenta que se han convertido en importantes lugares de contenci\u00f3n para la ni\u00f1ez y la juventud.<\/p>\n","protected":false},"excerpt":{"rendered":"<p>En conferencia de prensa realizada en la sede del Instituto del Deporte Chaque\u00f1o, autoridades de dicho organismo en forma conjunta con la Uni\u00f3n Nacional de Clubes de Barrio, efectuaron el lanzamiento del Torneo Interprovincial de Potreros a realizarse en nuestra provincia en el mes de junio. Estuvieron presentes en la oportunidad Osvaldo P\u00e9rez Cuevas presidente [&hellip;]<\/p>\n","protected":false},"author":1,"featured_media":15014,"comment_status":"closed","ping_status":"closed","sticky":false,"template":"","format":"standard","meta":{"footnotes":""},"categories":[6],"tags":[],"class_list":{"0":"post-15013","1":"post","2":"type-post","3":"status-publish","4":"format-standard","5":"has-post-thumbnail","7":"category-chaco"},"_links":{"self":[{"href":"https:\/\/chacosintesis.com.ar\/index.php\/wp-json\/wp\/v2\/posts\/15013","targetHints":{"allow":["GET"]}}],"collection":[{"href":"https:\/\/chacosintesis.com.ar\/index.php\/wp-json\/wp\/v2\/posts"}],"about":[{"href":"https:\/\/chacosintesis.com.ar\/index.php\/wp-json\/wp\/v2\/types\/post"}],"author":[{"embeddable":true,"href":"https:\/\/chacosintesis.com.ar\/index.php\/wp-json\/wp\/v2\/users\/1"}],"replies":[{"embeddable":true,"href":"https:\/\/chacosintesis.com.ar\/index.php\/wp-json\/wp\/v2\/comments?post=15013"}],"version-history":[{"count":0,"href":"https:\/\/chacosintesis.com.ar\/index.php\/wp-json\/wp\/v2\/posts\/15013\/revisions"}],"wp:featuredmedia":[{"embeddable":true,"href":"https:\/\/chacosintesis.com.ar\/index.php\/wp-json\/wp\/v2\/media\/15014"}],"wp:attachment":[{"href":"https:\/\/chacosintesis.com.ar\/index.php\/wp-json\/wp\/v2\/media?parent=15013"}],"wp:term":[{"taxonomy":"category","embeddable":true,"href":"https:\/\/chacosintesis.com.ar\/index.php\/wp-json\/wp\/v2\/categories?post=15013"},{"taxonomy":"post_tag","embeddable":true,"href":"https:\/\/chacosintesis.com.ar\/index.php\/wp-json\/wp\/v2\/tags?post=15013"}],"curies":[{"name":"wp","href":"https:\/\/api.w.org\/{rel}","templated":true}]}}