{"id":15003,"date":"2022-04-11T12:43:57","date_gmt":"2022-04-11T15:43:57","guid":{"rendered":"https:\/\/chacosintesis.com.ar\/?p=15003"},"modified":"2022-04-11T13:10:28","modified_gmt":"2022-04-11T16:10:28","slug":"se-invertiran-85-mil-millones-de-pesos-para-la-creacion-de-empleo-fortalecer-la-industria-y-el-agro-y-mejorar-la-situacion-de-jovenes-y-mujeres","status":"publish","type":"post","link":"https:\/\/chacosintesis.com.ar\/index.php\/se-invertiran-85-mil-millones-de-pesos-para-la-creacion-de-empleo-fortalecer-la-industria-y-el-agro-y-mejorar-la-situacion-de-jovenes-y-mujeres\/","title":{"rendered":"Se invertir\u00e1n 85 mil millones de pesos para la creaci\u00f3n de empleo, fortalecer la industria y el agro y mejorar la situaci\u00f3n de j\u00f3venes y mujeres"},"content":{"rendered":"<p>El gobernador Jorge Capitanich present\u00f3 en la ma\u00f1ana de este lunes el Programa Chaco Crece Unido, un plan que contempla un paquete de medidas econ\u00f3micas destinadas a fortalecer el desarrollo de la provincia. El mismo tiene como ejes como la generaci\u00f3n de empleo formal, mejorar del poder adquisitivo, generaci\u00f3n de valor agregado local, potenciaci\u00f3n del sector exportador e impulso de las juventudes y mujeres.<br \/>\nCapitanich, quien estuvo acompa\u00f1ado por la vicegobernadora, Analia Rach Quiroga; el ministro de Econom\u00eda, Planificaci\u00f3n e Infraestructura, Santiago P\u00e9rez Posn; y el ministro de Producci\u00f3n, Industria y Empleo, Sebasti\u00e1n Lifton, detall\u00f3 que el plan contempla 85 mil millones de pesos distribuidos en 25 medidas econ\u00f3micas a implementarse en los pr\u00f3ximos 45 d\u00edas.<br \/>\n\u201cCreemos que las perspectivas de este a\u00f1o son positivas en t\u00e9rminos de posibilidad de crecimiento el cual puede variar entre el 5 y 7%\u201d, mencion\u00f3 el gobernador. Ante esto asever\u00f3 que \u201cseguir creciendo requiere est\u00edmulos de car\u00e1cter fiscal y financiero como lo estamos haciendo\u201d<br \/>\n\u201cNo hay casualidad en la pol\u00edtica econ\u00f3mica, hay causalidad y si no generamos est\u00edmulos la gente se retrae, tanto en el consumo como en la inversi\u00f3n, porque la desconfianza aumenta\u201d, mencion\u00f3.<br \/>\nExplic\u00f3 que \u201cen un mundo con m\u00faltiples conflictos y un escenario de incertidumbre, si desde la gesti\u00f3n p\u00fablica y desde el liderazgo de gobierno no somos capaces de bajar la incertidumbre, el pueblo vive en la zozobra\u201d.<br \/>\nEl mandatario asegur\u00f3 que \u201ces muy importante fortalecer los 20 complejos productivos estrat\u00e9gicos en las cadenas de valor agregado en origen que requieren est\u00edmulos de financiamiento, subsidios a las tasas de inter\u00e9s, desarrollo de parques industriales, infraestructura social b\u00e1sica, apertura de mercados y una din\u00e1mica de crecimiento\u201d.<br \/>\nAdelant\u00f3 adem\u00e1s que en septiembre se realizar\u00e1, en el Chaco, la primera expo grande de las 10 provincias que forman parte del Norte Grande \u201cpara que todos los productores y comerciantes puedan exhibir sus productos y desarrollar una perspectiva de crecimiento&#8221;.<br \/>\nEl programa<br \/>\nEl Chaco Crece contempla cinco ejes los cuales contemplan diferentes l\u00edneas de acci\u00f3n para cada uno.<br \/>\nEn primer lugar se apunta a la generaci\u00f3n de Empleo Formal a trav\u00e9s del Plan Registradas, Plan Mi Trabajo y los acuerdos de Corresponsabilidad Gremial<br \/>\nEl segundo eje busca fortalecer el poder adquisitivo a trav\u00e9s de la implementaci\u00f3n de promociones como la S\u00faper D\u00edas, a trav\u00e9s del Nuevo Banco del Chaco, la implementaci\u00f3n de Precios acordados, otorgamiento de L\u00edneas de Cr\u00e9dito y beneficios para jubilados.<br \/>\nEl tercero apunta a la generaci\u00f3n de valor agregado local mediante Consolidar Mi PyME, la implementaci\u00f3n del Plan Chaco Reactiva, impulsar la construcci\u00f3n la recuperaci\u00f3n de hoteles y la agricultura familiar.<br \/>\nEl cuarto busca potenciar el sector exportador a trav\u00e9s de tasas bonificadas, la continuidad de la Tarjeta tuya PyME Agro, los Seguros Multiriesgo y la Tarjeta Tuya Recargable.<br \/>\nY por \u00faltimo se apunta a darle impulso a la juventud y las mujeres mediante el  Programa Enfoque, la potenciaci\u00f3n de talentos y l\u00edderes y la inclusi\u00f3n digital.<\/p>\n","protected":false},"excerpt":{"rendered":"<p>El gobernador Jorge Capitanich present\u00f3 en la ma\u00f1ana de este lunes el Programa Chaco Crece Unido, un plan que contempla un paquete de medidas econ\u00f3micas destinadas a fortalecer el desarrollo de la provincia. El mismo tiene como ejes como la generaci\u00f3n de empleo formal, mejorar del poder adquisitivo, generaci\u00f3n de valor agregado local, potenciaci\u00f3n del [&hellip;]<\/p>\n","protected":false},"author":1,"featured_media":15004,"comment_status":"closed","ping_status":"closed","sticky":false,"template":"","format":"standard","meta":{"footnotes":""},"categories":[6],"tags":[],"class_list":{"0":"post-15003","1":"post","2":"type-post","3":"status-publish","4":"format-standard","5":"has-post-thumbnail","7":"category-chaco"},"_links":{"self":[{"href":"https:\/\/chacosintesis.com.ar\/index.php\/wp-json\/wp\/v2\/posts\/15003","targetHints":{"allow":["GET"]}}],"collection":[{"href":"https:\/\/chacosintesis.com.ar\/index.php\/wp-json\/wp\/v2\/posts"}],"about":[{"href":"https:\/\/chacosintesis.com.ar\/index.php\/wp-json\/wp\/v2\/types\/post"}],"author":[{"embeddable":true,"href":"https:\/\/chacosintesis.com.ar\/index.php\/wp-json\/wp\/v2\/users\/1"}],"replies":[{"embeddable":true,"href":"https:\/\/chacosintesis.com.ar\/index.php\/wp-json\/wp\/v2\/comments?post=15003"}],"version-history":[{"count":0,"href":"https:\/\/chacosintesis.com.ar\/index.php\/wp-json\/wp\/v2\/posts\/15003\/revisions"}],"wp:featuredmedia":[{"embeddable":true,"href":"https:\/\/chacosintesis.com.ar\/index.php\/wp-json\/wp\/v2\/media\/15004"}],"wp:attachment":[{"href":"https:\/\/chacosintesis.com.ar\/index.php\/wp-json\/wp\/v2\/media?parent=15003"}],"wp:term":[{"taxonomy":"category","embeddable":true,"href":"https:\/\/chacosintesis.com.ar\/index.php\/wp-json\/wp\/v2\/categories?post=15003"},{"taxonomy":"post_tag","embeddable":true,"href":"https:\/\/chacosintesis.com.ar\/index.php\/wp-json\/wp\/v2\/tags?post=15003"}],"curies":[{"name":"wp","href":"https:\/\/api.w.org\/{rel}","templated":true}]}}