{"id":14995,"date":"2022-04-11T09:37:04","date_gmt":"2022-04-11T12:37:04","guid":{"rendered":"https:\/\/chacosintesis.com.ar\/?p=14995"},"modified":"2022-04-11T09:38:26","modified_gmt":"2022-04-11T12:38:26","slug":"rapida-intervencion-del-gobierno-para-resolver-demandas-en-localidades-afectadas-por-fuertes-tormentas","status":"publish","type":"post","link":"https:\/\/chacosintesis.com.ar\/index.php\/rapida-intervencion-del-gobierno-para-resolver-demandas-en-localidades-afectadas-por-fuertes-tormentas\/","title":{"rendered":"R\u00e1pida intervenci\u00f3n del gobierno para resolver demandas en localidades afectadas por fuertes tormentas"},"content":{"rendered":"<p>El gobernador Jorge Capitanich dialog\u00f3 este domingo con intendentas de Los Frentones y Pampa del Infierno, localidades afectadas por un fuerte temporal de granizo, que ocasion\u00f3 destrozos durante la jornada.<\/p>\n<p>\u201cNuestra solidaridad y r\u00e1pida intervenci\u00f3n para resolver las demandas de las comunidades\u201d, indic\u00f3 el mandatario a trav\u00e9s de sus redes sociales, donde adem\u00e1s dio cuenta de una comunicaci\u00f3n con la intendenta de Barranqueras, Magda Ayala, para prestar asistencia en la reparaci\u00f3n de los da\u00f1os ocasionados por el incendio ocurrido este s\u00e1bado por la ma\u00f1ana en la sede comunal.<\/p>\n<p> Tras la tormenta de lluvia y viento, con ca\u00edda de granizo de gran tama\u00f1o, Capitanich se comunic\u00f3 este domingo con las intendentas de Los Frentones, Judith G\u00f3mez, y de Pampa del Infierno, Glenda Seifert, para relevar la situaci\u00f3n en ambas localidades y disponer la ayuda necesaria en forma inmediata.<\/p>\n","protected":false},"excerpt":{"rendered":"<p>El gobernador Jorge Capitanich dialog\u00f3 este domingo con intendentas de Los Frentones y Pampa del Infierno, localidades afectadas por un fuerte temporal de granizo, que ocasion\u00f3 destrozos durante la jornada. \u201cNuestra solidaridad y r\u00e1pida intervenci\u00f3n para resolver las demandas de las comunidades\u201d, indic\u00f3 el mandatario a trav\u00e9s de sus redes sociales, donde adem\u00e1s dio cuenta [&hellip;]<\/p>\n","protected":false},"author":1,"featured_media":14996,"comment_status":"closed","ping_status":"closed","sticky":false,"template":"","format":"standard","meta":{"footnotes":""},"categories":[6],"tags":[],"class_list":{"0":"post-14995","1":"post","2":"type-post","3":"status-publish","4":"format-standard","5":"has-post-thumbnail","7":"category-chaco"},"_links":{"self":[{"href":"https:\/\/chacosintesis.com.ar\/index.php\/wp-json\/wp\/v2\/posts\/14995","targetHints":{"allow":["GET"]}}],"collection":[{"href":"https:\/\/chacosintesis.com.ar\/index.php\/wp-json\/wp\/v2\/posts"}],"about":[{"href":"https:\/\/chacosintesis.com.ar\/index.php\/wp-json\/wp\/v2\/types\/post"}],"author":[{"embeddable":true,"href":"https:\/\/chacosintesis.com.ar\/index.php\/wp-json\/wp\/v2\/users\/1"}],"replies":[{"embeddable":true,"href":"https:\/\/chacosintesis.com.ar\/index.php\/wp-json\/wp\/v2\/comments?post=14995"}],"version-history":[{"count":0,"href":"https:\/\/chacosintesis.com.ar\/index.php\/wp-json\/wp\/v2\/posts\/14995\/revisions"}],"wp:featuredmedia":[{"embeddable":true,"href":"https:\/\/chacosintesis.com.ar\/index.php\/wp-json\/wp\/v2\/media\/14996"}],"wp:attachment":[{"href":"https:\/\/chacosintesis.com.ar\/index.php\/wp-json\/wp\/v2\/media?parent=14995"}],"wp:term":[{"taxonomy":"category","embeddable":true,"href":"https:\/\/chacosintesis.com.ar\/index.php\/wp-json\/wp\/v2\/categories?post=14995"},{"taxonomy":"post_tag","embeddable":true,"href":"https:\/\/chacosintesis.com.ar\/index.php\/wp-json\/wp\/v2\/tags?post=14995"}],"curies":[{"name":"wp","href":"https:\/\/api.w.org\/{rel}","templated":true}]}}