{"id":14981,"date":"2022-04-08T17:38:23","date_gmt":"2022-04-08T20:38:23","guid":{"rendered":"https:\/\/chacosintesis.com.ar\/?p=14981"},"modified":"2022-04-08T18:08:37","modified_gmt":"2022-04-08T21:08:37","slug":"becas-progresar-cuando-vence-el-plazo-para-presentar-la-certificacion","status":"publish","type":"post","link":"https:\/\/chacosintesis.com.ar\/index.php\/becas-progresar-cuando-vence-el-plazo-para-presentar-la-certificacion\/","title":{"rendered":"Becas Progresar: \u00bfcu\u00e1ndo vence el plazo para presentar la certificaci\u00f3n?"},"content":{"rendered":"<div dir=\"ltr\">El corte anterior fue el 18 de marzo. Los y las estudiantes beneficiarios en esta etapa, cobrar\u00e1n el beneficio desde el pr\u00f3ximo 11 de abril hasta el 19.<\/p>\n<p>El Ministerio de Educaci\u00f3n de la provincia inform\u00f3 que el pr\u00f3ximo jueves 14 de abril, vence el plazo para el segundo corte de certificaciones correspondiente a las Becas Progresar. Hasta esa fecha, las y los estudiantes que fueron certificados por las instituciones, tendr\u00e1n la posibilidad de percibir el beneficio en el mes de mayo.<\/p>\n<p>El corte anterior fue el 18 de marzo, donde las y los estudiantes beneficiarios cobrar\u00e1n a partir del pr\u00f3ximo lunes 11 abril y hasta el martes 19.<\/p>\n<p>Es indispensable verificar el estado de solicitud, ingresando a la plataforma (<a href=\"https:\/\/becasprogresar.educacion.gob.ar\/\">https:\/\/becasprogresar.educacion.gob.ar\/<\/a>) con usuario y contrase\u00f1a para comprobar el estado del tr\u00e1mite. Si el mismo figura como \u201cpendiente\u201d o &quot;en evaluaci\u00f3n\u201d, es necesario concurrir lo antes posible a la instituci\u00f3n educativa y solicitar al referente de Becas Progresar, que realice la certificaci\u00f3n correspondiente.<\/div>\n","protected":false},"excerpt":{"rendered":"<p>El corte anterior fue el 18 de marzo. Los y las estudiantes beneficiarios en esta etapa, cobrar\u00e1n el beneficio desde el pr\u00f3ximo 11 de abril hasta el 19. El Ministerio de Educaci\u00f3n de la provincia inform\u00f3 que el pr\u00f3ximo jueves 14 de abril, vence el plazo para el segundo corte de certificaciones correspondiente a las [&hellip;]<\/p>\n","protected":false},"author":1,"featured_media":14982,"comment_status":"closed","ping_status":"closed","sticky":false,"template":"","format":"standard","meta":{"footnotes":""},"categories":[6],"tags":[],"class_list":{"0":"post-14981","1":"post","2":"type-post","3":"status-publish","4":"format-standard","5":"has-post-thumbnail","7":"category-chaco"},"_links":{"self":[{"href":"https:\/\/chacosintesis.com.ar\/index.php\/wp-json\/wp\/v2\/posts\/14981","targetHints":{"allow":["GET"]}}],"collection":[{"href":"https:\/\/chacosintesis.com.ar\/index.php\/wp-json\/wp\/v2\/posts"}],"about":[{"href":"https:\/\/chacosintesis.com.ar\/index.php\/wp-json\/wp\/v2\/types\/post"}],"author":[{"embeddable":true,"href":"https:\/\/chacosintesis.com.ar\/index.php\/wp-json\/wp\/v2\/users\/1"}],"replies":[{"embeddable":true,"href":"https:\/\/chacosintesis.com.ar\/index.php\/wp-json\/wp\/v2\/comments?post=14981"}],"version-history":[{"count":0,"href":"https:\/\/chacosintesis.com.ar\/index.php\/wp-json\/wp\/v2\/posts\/14981\/revisions"}],"wp:featuredmedia":[{"embeddable":true,"href":"https:\/\/chacosintesis.com.ar\/index.php\/wp-json\/wp\/v2\/media\/14982"}],"wp:attachment":[{"href":"https:\/\/chacosintesis.com.ar\/index.php\/wp-json\/wp\/v2\/media?parent=14981"}],"wp:term":[{"taxonomy":"category","embeddable":true,"href":"https:\/\/chacosintesis.com.ar\/index.php\/wp-json\/wp\/v2\/categories?post=14981"},{"taxonomy":"post_tag","embeddable":true,"href":"https:\/\/chacosintesis.com.ar\/index.php\/wp-json\/wp\/v2\/tags?post=14981"}],"curies":[{"name":"wp","href":"https:\/\/api.w.org\/{rel}","templated":true}]}}