{"id":14977,"date":"2022-04-08T16:17:54","date_gmt":"2022-04-08T19:17:54","guid":{"rendered":"https:\/\/chacosintesis.com.ar\/?p=14977"},"modified":"2022-04-08T16:37:55","modified_gmt":"2022-04-08T19:37:55","slug":"bajan-los-casos-de-covid-19-pero-preocupan-los-de-gripe-a","status":"publish","type":"post","link":"https:\/\/chacosintesis.com.ar\/index.php\/bajan-los-casos-de-covid-19-pero-preocupan-los-de-gripe-a\/","title":{"rendered":"Bajan los casos de COVID-19 pero preocupan los de gripe A"},"content":{"rendered":"<p>En la \u00faltima semana, se registraron en la provincia 23 de Covid-19 contra 51 de gripe A. La letalidad de la Influenza es baja, pero puede generar serias complicaciones  en los grupos de riesgo.<br \/>\n Aunque de ninguna manera significa el final de la pandemia, el fin de la tercera ola de COVID-19, que azot\u00f3 a la provincia y el pa\u00eds fundamentalmente durante el mes de enero, lleg\u00f3 al Chaco acompa\u00f1ado de un inusual brote de Gripe A que genera m\u00e1s dudas que certezas y exige no s\u00f3lo sostener los cuidados y las medidas de bioseguridad sino, fundamentalmente, concurrir a recibir la vacunaci\u00f3n a la que ya fue convocada la totalidad de los grupos de riesgo.<br \/>\nTodo esto, en el preludio de la \u00e9poca m\u00e1s fresca del a\u00f1o, con los atenuantes que naturalmente ofrece el norte del pa\u00eds, donde las temperaturas no llegan a tener la virulencia que s\u00ed muestran en otras regiones del vasto territorio nacional.<br \/>\n COVID-19 en retroceso<br \/>\nLas cifras son elocuentes y grafican, de alguna manera, los grandes rasgos del escenario actual.<br \/>\nLa Sala de Situaci\u00f3n que monitorea el devenir de la pandemia de COVID-19 en la provincia mostraba ayer el menor n\u00famero de casos activos en el Chaco, desde abril del 2020, cuando la primera ola de la enfermedad golpeaba con particular rigurosidad a Capital Federal, provincia de Buenos Aires y Resistencia; mientras que casi todo el resto de pa\u00eds no pasaba de ser una amenaza poco m\u00e1s que marginal.<br \/>\nEl n\u00famero de personas que transitan la enfermedad es de 34, cuando en la segunda quincena de enero orillaban los 30.000; mientras, hasta ayer, eran solamente dos las internaciones hospitalarias. Los casos confirmados fueron 6, y en la semana, desde el domingo y hasta el jueves; totalizaron 23, siempre siguiendo el registro del Sistema Integrado de Informaci\u00f3n Sanitaria Argentino (SISA).<\/p>\n<p>Alerta por gripe<br \/>\nSeg\u00fan pudo saber NORTE, tras consultar con fuentes de la Direcci\u00f3n de Epidemiolog\u00eda de la Provincia, el registro de los casos de Influenza no es id\u00e9ntico al de los contagios de COVID-19. De hecho, en el Ministerio de Salud admiten que los registrados son apenas una parte de los casos activos, no s\u00f3lo por los mecanismos que se utilizan para contarlos, sino adem\u00e1s por la baja afluencia de gente ante la aparici\u00f3n de s\u00edntomas, teniendo en cuenta que se trata de un virus estacional con el que la gran mayor\u00eda de las personas ya ha sabido lidiar.<br \/>\nTambi\u00e9n hay que considerar el retraso en la notificaci\u00f3n de casos al SNVS 2.0, por lo que este n\u00famero de casos por semanas puede variar con el paso de los d\u00edas.<br \/>\nM\u00e1s all\u00e1 de estos atenuantes, la informaci\u00f3n oficial da cuenta de que durante el a\u00f1o 2022, desde el 01 de enero hasta el 6 de abril, se registraron 896 casos sospechosos de infecciones respiratorias agudas en la provincia. Se descartaron 333 casos y en los 563 casos restantes, m\u00e1s del 80 % correspondi\u00f3 a virus influenza A.<br \/>\nDurante las primeras 7 semanas epidemiol\u00f3gicas del corriente a\u00f1o la frecuencia de casos de influenza fue en promedio de 3 casos por semana, pero fue aumentando gradualmente desde la segunda quincena de marzo, con un pico de m\u00e1s de 120 casos hace poco m\u00e1s de 15 d\u00edas. En lo que va de esta semana, se han registrado 51 casos positivos de influenza A.<br \/>\nEn el Hospital Perrando, en las \u00faltimas 3 semanas epidemiol\u00f3gicas, coincidiendo con el aumento de casos, se registraron 8 fallecimientos por Influenza A sin subtipificar, uno de ellos adem\u00e1s asociado a Covid-19 positivo.<\/p>\n<p>La mediana de edad fue de 69,5 a\u00f1os, dos de los casos fueron adultos j\u00f3venes, 7 de los fallecidos correspondieron al sexo masculino.<br \/>\nEn lo que va de esta semana se registraron 3 nuevos internados por Influenza A.<br \/>\nTambi\u00e9n se notific\u00f3 desde sector privado de la ciudad de Resistencia, un \u00f3bito asociado a Influenza A sin especificar que fue diagnosticado la semana pasada. Se trata de una persona mayor con comorbilidades respiratorias y factores de riesgo.<br \/>\nEn tanto, en el Hospital Pedi\u00e1trico en lo que va del a\u00f1o 2022 se internaron 22 pacientes positivos a Influenza A, y no se registr\u00f3 ning\u00fan fallecimiento por esta enfermedad.<br \/>\nEn el interior<br \/>\nTambi\u00e9n en el Hospital &#8220;Salvador Mazza&#8221; de Villa \u00c1ngela se registraron esta semana 3 internaciones por Influenza A positivos.<br \/>\nLa mayor cantidad de casos registrados corresponden al \u00e1rea Metropolitana, y en segundo lugar la ciudad de S\u00e1enz Pe\u00f1a, otras ciudades registraron algunos pocos casos como, El Castelli, Sauzalito, Miraflores, Villa \u00c1ngela, San Mart\u00edn, Margarita Bel\u00e9n, Colonia Ben\u00edtez, Basail, Taco Pozo, Villa Berthet, Machagai, Quitilipi, Las Palmas, entre otros.<br \/>\nMantener los cuidados<br \/>\nSi bien, al igual que el Sars-Cov-2, el de la Influenza es un virus de baja letalidad, puede haber complicaciones en la poblaci\u00f3n con factores de riesgo, por eso es tan importante la vacunaci\u00f3n.<br \/>\nEn este sentido, desde el Ministerio de Salud recordaron que ya est\u00e1n las dosis disponibles para todos los grupos de riesgo y, con el correr de los d\u00edas, se convocar\u00e1 al resto de la poblaci\u00f3n estrat\u00e9gica, como docentes o personal de las fuerzas de seguridad.<br \/>\nAl tratarse de una vacuna que est\u00e1 contemplada en el Calendario Nacional, pueden acceder de manera gratuita: las personas gestantes en cualquier mes del embarazo, los beb\u00e9s de 6 meses a 2 a\u00f1os, los mayores 65 a\u00f1os y las personas de entre 2 a 64 a\u00f1os con alguna enfermedad de base. Se puede acceder a la inmunizaci\u00f3n en todos los centros de salud de la provincia.<br \/>\nPara el resto de la poblaci\u00f3n, los f\u00e1rmacos est\u00e1n disponibles en las farmacias, con valores que se ubican en torno a los 4.000 pesos.<br \/>\nDesde la cartera sanitaria, recordaron que, para evitar los contagios, es importante mantener las medidas de bioseguridad que se utilizan contra el COVID-19, fundamentalmente la higiene de manos, el uso de barbijos en lugares cerrados, la ventilaci\u00f3n cruzada y el distanciamiento.<\/p>\n<p>DIARIO NORTE.-<\/p>\n","protected":false},"excerpt":{"rendered":"<p>En la \u00faltima semana, se registraron en la provincia 23 de Covid-19 contra 51 de gripe A. La letalidad de la Influenza es baja, pero puede generar serias complicaciones en los grupos de riesgo. Aunque de ninguna manera significa el final de la pandemia, el fin de la tercera ola de COVID-19, que azot\u00f3 a [&hellip;]<\/p>\n","protected":false},"author":1,"featured_media":14978,"comment_status":"closed","ping_status":"closed","sticky":false,"template":"","format":"standard","meta":{"footnotes":""},"categories":[6],"tags":[197],"class_list":{"0":"post-14977","1":"post","2":"type-post","3":"status-publish","4":"format-standard","5":"has-post-thumbnail","7":"category-chaco","8":"tag-destacada"},"_links":{"self":[{"href":"https:\/\/chacosintesis.com.ar\/index.php\/wp-json\/wp\/v2\/posts\/14977","targetHints":{"allow":["GET"]}}],"collection":[{"href":"https:\/\/chacosintesis.com.ar\/index.php\/wp-json\/wp\/v2\/posts"}],"about":[{"href":"https:\/\/chacosintesis.com.ar\/index.php\/wp-json\/wp\/v2\/types\/post"}],"author":[{"embeddable":true,"href":"https:\/\/chacosintesis.com.ar\/index.php\/wp-json\/wp\/v2\/users\/1"}],"replies":[{"embeddable":true,"href":"https:\/\/chacosintesis.com.ar\/index.php\/wp-json\/wp\/v2\/comments?post=14977"}],"version-history":[{"count":0,"href":"https:\/\/chacosintesis.com.ar\/index.php\/wp-json\/wp\/v2\/posts\/14977\/revisions"}],"wp:featuredmedia":[{"embeddable":true,"href":"https:\/\/chacosintesis.com.ar\/index.php\/wp-json\/wp\/v2\/media\/14978"}],"wp:attachment":[{"href":"https:\/\/chacosintesis.com.ar\/index.php\/wp-json\/wp\/v2\/media?parent=14977"}],"wp:term":[{"taxonomy":"category","embeddable":true,"href":"https:\/\/chacosintesis.com.ar\/index.php\/wp-json\/wp\/v2\/categories?post=14977"},{"taxonomy":"post_tag","embeddable":true,"href":"https:\/\/chacosintesis.com.ar\/index.php\/wp-json\/wp\/v2\/tags?post=14977"}],"curies":[{"name":"wp","href":"https:\/\/api.w.org\/{rel}","templated":true}]}}