{"id":14975,"date":"2022-04-08T16:13:03","date_gmt":"2022-04-08T19:13:03","guid":{"rendered":"https:\/\/chacosintesis.com.ar\/?p=14975"},"modified":"2022-04-08T16:37:54","modified_gmt":"2022-04-08T19:37:54","slug":"el-norte-grande-definio-cuestiones-estrategicas-para-esta-region-del-pais","status":"publish","type":"post","link":"https:\/\/chacosintesis.com.ar\/index.php\/el-norte-grande-definio-cuestiones-estrategicas-para-esta-region-del-pais\/","title":{"rendered":"El Norte Grande defini\u00f3 cuestiones estrat\u00e9gicas para esta regi\u00f3n del pa\u00eds"},"content":{"rendered":"<p>Gobernadores del Norte Grande definieron este viernes cuestiones estrat\u00e9gicas en materia energ\u00e9tica, combustible y agenda legislativa en el Congreso nacional. Tras el encuentro el Consejo Regional celebrado hoy en Salta, el titular del Ejecutivo provincial, Jorge Capitanich hizo una s\u00edntesis de lo abordado en el Hotel Sheraton de esa ciudad: Plan Federal 3 para mejorar la capacidad de transporte de los sistemas de alta, media y baja tensi\u00f3n con una inversi\u00f3n de 300 millones de d\u00f3lares; reducci\u00f3n de los costos de distribuci\u00f3n apuntando a la generaci\u00f3n de energ\u00eda solar; garantizar el suministro de gasoil con el aporte de cinco barcos de importaci\u00f3n; Expo Norte Grande en el Chaco en septiembre; generar un acuerdo para que todos los bloques del Congreso aprueben agenda legislativa para la regi\u00f3n y avances en la creaci\u00f3n de la Agencia de Inversi\u00f3n y Comercio Exterior con sede en Dubai y otra en Brasil.<br \/>\nRespecto al Plan Federal 3 en materia energ\u00e9tica, el mandatario chaqueo coment\u00f3 que tiene una proyecci\u00f3n de 1.200 millones de d\u00f3lares, 300 para el Norte Grande en cuatro proyectos para cuatro provincias: Misiones, Tucum\u00e1n, Formosa y Chaco inicialmente. \u201cTodos los proyectos ejecutivos tender\u00e1n a mejorar la capacidad de transporte de alta, media y baja tensi\u00f3n en el Norte Grande y en la Argentina. Eso es muy importante porque va directamente vinculado a la decisi\u00f3n respecto al tema de energ\u00eda solar\u201d, asegur\u00f3 Capitanich.<br \/>\n\u201cEl Norte Grande es competitivo en energ\u00eda solar. Lo que se ha resuelto aqu\u00ed es una cuesti\u00f3n pr\u00e1ctica: el costo de distribuci\u00f3n y generaci\u00f3n para diesel para el sistema de energ\u00eda es m\u00e1s caro que a trav\u00e9s de energ\u00eda solar. Es un doble efecto: generamos m\u00e1s empleos en nuestras respectivas provincias, garantizamos el aprovechamiento de nuestra energ\u00eda solar y bajamos el costo de generaci\u00f3n en nuestras provincias\u201d, agreg\u00f3 el gobernador del Chaco. Del encuentro tambi\u00e9n participaron el gobernador Gustavo S\u00e1enz (Salta), Ra\u00fal Jalil (Catamarca), Gustavo Adolfo Valdes (Corrientes), Gildo Insfr\u00e1n (Formosa), Gerardo Morlaes (Jujuy), Ricardo Clemente Quintela (La Rioja), Oscar Herrera Ahuad (Misiones), Gerardo Zamora (Santiago del Estero) y Osvaldo Jaldo (Tucum\u00e1n); junto al jefe de Gabinete de Ministros de la Naci\u00f3n, Juan Manzur, entre otros funcionarios. .<br \/>\nOtras dos cuestiones tambi\u00e9n tuvieron tratamiento, para los grandes usuarios \u201cun mecanismo de sustituci\u00f3n a trav\u00e9s de las empresas distribuidoras\u201d; y -a medida que se mejore la capacidad de transporte- \u201cse van generando nuevos proyectos de inversi\u00f3n para abastecimiento\u201d.<br \/>\nCombustible<\/p>\n<p>Sobre la cuesti\u00f3n combustible, Capitanich record\u00f3 que en los \u00faltimos 12, 18 y 24 meses \u201cven\u00edamos reclamando las asimetr\u00edas en el precio del combustible que eran equivalentes al 12% en promedio respecto al centro del pa\u00eds. Se achic\u00f3 al 7%, y queremos que sea equivalente\u201d. \u201cTen\u00edamos un problema: el abastecimiento de gasoil para la recolecci\u00f3n de cosecha, nueva siembra y transporte. Esto de acuerdo a la decisi\u00f3n del Jefe de Gabinete, la Secretar\u00eda de Energ\u00eda e YPF, se plante\u00f3 cinco barcos de importaci\u00f3n para complementar la oferta y se explic\u00f3 en detalle por qu\u00e9 tenemos este problema: aument\u00f3 la demanda en zonas fronterizas y el impacto de la guerra. Creci\u00f3 la demanda y la oferta no lo hizo en la misma proporci\u00f3n. Hab\u00eda un desfasaje en el abastecimiento. Se ha resuelto generar las condiciones para el abastecimiento de gasoil y garantizar a nuestras econom\u00edas regionales la provisi\u00f3n de este insumo\u201d, anunci\u00f3 al respecto.<br \/>\nExpo Norte y otros temas<br \/>\nChaco ser\u00e1 sede de la primera Expo Norte Grande que se realizar\u00e1 durante el mes de septiembre. El objetivo es que todos los bienes, servicios, turismo, cultura del Norte vaya rotando provincia por provincia: \u201cTenemos mucho para ofrecer al mundo, y todos los actores de la producci\u00f3n participar\u00e1n de esta iniciativa\u201d, ponder\u00f3 el mandatario chaque\u00f1o.<br \/>\nFinalmente, coment\u00f3 la decisi\u00f3n de generar un acuerdo para que todos los bloques del Congreso aprueben el tratado de integraci\u00f3n del Norte Grande, Comit\u00e9 de Bajos Submeridionales, electromovilidad, zona franca y log\u00edstica integrada. \u201cUn paquete de iniciativas legislativas con consenso pol\u00edtico para poder avanzar y aprobarlo en el Congreso, que nos da un horizonte de previsibilidad para inversiones\u201d, asegur\u00f3.<br \/>\nLa creaci\u00f3n de la Agencia de Inversi\u00f3n y Comercio Exterior con sede en Dubai, y otra con sede en Brasil fue otro de los temas tratados. \u201cEs una iniciativa que est\u00e1 avanzando. Todos los temas que fuimos abordando los estamos concretando y fortaleciendo esta unidad en t\u00e9rminos de objetivos comunes para garantizar una mayor participaci\u00f3n\u201d, concluy\u00f3 y cerr\u00f3: \u201cEl gran problema de Argentina es ponerse de acuerdo, y nuestra gran fortaleza es que somos articuladores de consensos y acuerdos institucionales\u201d.<\/p>\n","protected":false},"excerpt":{"rendered":"<p>Gobernadores del Norte Grande definieron este viernes cuestiones estrat\u00e9gicas en materia energ\u00e9tica, combustible y agenda legislativa en el Congreso nacional. Tras el encuentro el Consejo Regional celebrado hoy en Salta, el titular del Ejecutivo provincial, Jorge Capitanich hizo una s\u00edntesis de lo abordado en el Hotel Sheraton de esa ciudad: Plan Federal 3 para mejorar [&hellip;]<\/p>\n","protected":false},"author":1,"featured_media":14976,"comment_status":"closed","ping_status":"closed","sticky":false,"template":"","format":"standard","meta":{"footnotes":""},"categories":[6],"tags":[],"class_list":{"0":"post-14975","1":"post","2":"type-post","3":"status-publish","4":"format-standard","5":"has-post-thumbnail","7":"category-chaco"},"_links":{"self":[{"href":"https:\/\/chacosintesis.com.ar\/index.php\/wp-json\/wp\/v2\/posts\/14975","targetHints":{"allow":["GET"]}}],"collection":[{"href":"https:\/\/chacosintesis.com.ar\/index.php\/wp-json\/wp\/v2\/posts"}],"about":[{"href":"https:\/\/chacosintesis.com.ar\/index.php\/wp-json\/wp\/v2\/types\/post"}],"author":[{"embeddable":true,"href":"https:\/\/chacosintesis.com.ar\/index.php\/wp-json\/wp\/v2\/users\/1"}],"replies":[{"embeddable":true,"href":"https:\/\/chacosintesis.com.ar\/index.php\/wp-json\/wp\/v2\/comments?post=14975"}],"version-history":[{"count":0,"href":"https:\/\/chacosintesis.com.ar\/index.php\/wp-json\/wp\/v2\/posts\/14975\/revisions"}],"wp:featuredmedia":[{"embeddable":true,"href":"https:\/\/chacosintesis.com.ar\/index.php\/wp-json\/wp\/v2\/media\/14976"}],"wp:attachment":[{"href":"https:\/\/chacosintesis.com.ar\/index.php\/wp-json\/wp\/v2\/media?parent=14975"}],"wp:term":[{"taxonomy":"category","embeddable":true,"href":"https:\/\/chacosintesis.com.ar\/index.php\/wp-json\/wp\/v2\/categories?post=14975"},{"taxonomy":"post_tag","embeddable":true,"href":"https:\/\/chacosintesis.com.ar\/index.php\/wp-json\/wp\/v2\/tags?post=14975"}],"curies":[{"name":"wp","href":"https:\/\/api.w.org\/{rel}","templated":true}]}}