{"id":14956,"date":"2022-04-06T18:10:05","date_gmt":"2022-04-06T21:10:05","guid":{"rendered":"https:\/\/chacosintesis.com.ar\/?p=14956"},"modified":"2022-04-06T18:36:59","modified_gmt":"2022-04-06T21:36:59","slug":"el-frente-gremial-docente-anticipa-su-rechazo-a-la-extension-de-las-jornadas-en-escuelas","status":"publish","type":"post","link":"https:\/\/chacosintesis.com.ar\/index.php\/el-frente-gremial-docente-anticipa-su-rechazo-a-la-extension-de-las-jornadas-en-escuelas\/","title":{"rendered":"El Frente Gremial Docente anticipa su rechazo a la extensi\u00f3n de las jornadas en escuelas"},"content":{"rendered":"<p>Rosa Petrovich, secretaria General de Atech, marc\u00f3 que la propuesta se tom\u00f3 &#8220;a tontas y locas&#8221; sin consultar a actores fundamentales del sistema educativo, como son los trabajadores. &#8220;No est\u00e1n las previsiones presupuestarias, edilicias ni de infraestructura para avanzar con la jornada extendida&#8221;, resumi\u00f3.<br \/>\n Desde el Frente Gremial Docente, la secretaria general de Atech, Rosa Petrovich, anticip\u00f3 el &#8220;rechazo&#8221; de las entidades que componen el espacio a la intenci\u00f3n de a\u00f1adir una hora de clases en las escuelas primarias que el ministro de Educaci\u00f3n de la Naci\u00f3n, Jaime Perczyk, llevar\u00eda para su consideraci\u00f3n a la pr\u00f3xima reuni\u00f3n del Consejo Federal de Educaci\u00f3n. &#8220;Nos preocupa que se lance una iniciativa de estas caracter\u00edsticas, de la noche a la ma\u00f1ana, cuando debe ser una cuesti\u00f3n m\u00e1s que programada, teniendo en cuenta que las leyes nacionales y provinciales que est\u00e1n vigentes establecen la nueva modalidad de jornada extendida que nunca se ha aplicado y no por casualidad&#8221;, analiz\u00f3 Petrovich en declaraciones a Radio Provincia<br \/>\nEn este sentido, consider\u00f3 que &#8220;esto no se ha hecho efectivo&#8221; casualmente por &#8220;falta programaci\u00f3n y definici\u00f3n del presupuesto adecuado y suficiente que garantice los salarios dignos con esa mayor carga horaria&#8221;. Petrovich remarc\u00f3 que ese presupuesto &#8220;no se ha definido&#8221; tampoco para &#8220;garantizar la infraestructura adecuada y necesaria en materia edilicia para implementar la jornada extendida&#8221;.<br \/>\nLa secretaria general de Atech insisti\u00f3 en la &#8220;sorpresa&#8221; que caus\u00f3 el anuncio realizado por el Ministerio de Educaci\u00f3n de la Naci\u00f3n y de forma &#8220;unilateral&#8221; sin que hayan sido convocadas las entidades sindicales del orden nacional. &#8220;Desde Atech anticipamos esta medida, tomada a tontas y a locas, del mismo modo que lo hacemos desde todo el Frente Gremial de la provincia&#8221;, plante\u00f3.<br \/>\nEn ese marco, record\u00f3 que Atech cuenta con un proyecto propio de Jornada Extendida en las escuelas, que no ha sido tratada en la Legislatura, y plantea las bases de la incorporaci\u00f3n de esta modalidad. &#8220;Justamente, lo que buscamos es avanzar con la nueva retribuci\u00f3n, por la mayor carga horaria entre los docentes, entre otras cuestiones&#8221;, puntualiz\u00f3.<br \/>\nLa referente sindical marc\u00f3 que la misma sorpresa caus\u00f3 la noticia en otras provincias. &#8220;Una de las entidades que integran el frente es base de una entidad nacional (Utre-Ctera) y claramente  han pedido una reuni\u00f3n urgente al titular de la cartera educativa nacional para que se incluya la participaci\u00f3n de actores principales como son los trabajadores en esta definici\u00f3n&#8221;, se\u00f1al\u00f3.<\/p>\n","protected":false},"excerpt":{"rendered":"<p>Rosa Petrovich, secretaria General de Atech, marc\u00f3 que la propuesta se tom\u00f3 &#8220;a tontas y locas&#8221; sin consultar a actores fundamentales del sistema educativo, como son los trabajadores. &#8220;No est\u00e1n las previsiones presupuestarias, edilicias ni de infraestructura para avanzar con la jornada extendida&#8221;, resumi\u00f3. Desde el Frente Gremial Docente, la secretaria general de Atech, Rosa [&hellip;]<\/p>\n","protected":false},"author":1,"featured_media":14957,"comment_status":"closed","ping_status":"closed","sticky":false,"template":"","format":"standard","meta":{"footnotes":""},"categories":[6],"tags":[],"class_list":{"0":"post-14956","1":"post","2":"type-post","3":"status-publish","4":"format-standard","5":"has-post-thumbnail","7":"category-chaco"},"_links":{"self":[{"href":"https:\/\/chacosintesis.com.ar\/index.php\/wp-json\/wp\/v2\/posts\/14956","targetHints":{"allow":["GET"]}}],"collection":[{"href":"https:\/\/chacosintesis.com.ar\/index.php\/wp-json\/wp\/v2\/posts"}],"about":[{"href":"https:\/\/chacosintesis.com.ar\/index.php\/wp-json\/wp\/v2\/types\/post"}],"author":[{"embeddable":true,"href":"https:\/\/chacosintesis.com.ar\/index.php\/wp-json\/wp\/v2\/users\/1"}],"replies":[{"embeddable":true,"href":"https:\/\/chacosintesis.com.ar\/index.php\/wp-json\/wp\/v2\/comments?post=14956"}],"version-history":[{"count":0,"href":"https:\/\/chacosintesis.com.ar\/index.php\/wp-json\/wp\/v2\/posts\/14956\/revisions"}],"wp:featuredmedia":[{"embeddable":true,"href":"https:\/\/chacosintesis.com.ar\/index.php\/wp-json\/wp\/v2\/media\/14957"}],"wp:attachment":[{"href":"https:\/\/chacosintesis.com.ar\/index.php\/wp-json\/wp\/v2\/media?parent=14956"}],"wp:term":[{"taxonomy":"category","embeddable":true,"href":"https:\/\/chacosintesis.com.ar\/index.php\/wp-json\/wp\/v2\/categories?post=14956"},{"taxonomy":"post_tag","embeddable":true,"href":"https:\/\/chacosintesis.com.ar\/index.php\/wp-json\/wp\/v2\/tags?post=14956"}],"curies":[{"name":"wp","href":"https:\/\/api.w.org\/{rel}","templated":true}]}}