{"id":14940,"date":"2022-04-05T00:43:26","date_gmt":"2022-04-05T03:43:26","guid":{"rendered":"https:\/\/chacosintesis.com.ar\/?p=14940"},"modified":"2022-04-05T01:08:11","modified_gmt":"2022-04-05T04:08:11","slug":"ruta-89-volvia-del-moto-gp-y-cayo-de-su-moto-por-los-baches","status":"publish","type":"post","link":"https:\/\/chacosintesis.com.ar\/index.php\/ruta-89-volvia-del-moto-gp-y-cayo-de-su-moto-por-los-baches\/","title":{"rendered":"Ruta 89: Volv\u00eda del Moto GP y cay\u00f3 de su moto por los baches"},"content":{"rendered":"<p>El estado de la ruta, en el tramo entre Pinedo y Gancedo, viene siendo un reclamo de autoridades y vecinos de la regi\u00f3n, hace a\u00f1os.<br \/>\n Un motociclista, oriundo de Brasil, que volv\u00eda de presencia el Moto GP, desde Termas de R\u00edo Hondo en Santiago del Estero, sufri\u00f3 lesiones leves al caer de su motocicleta, de la cual perdi\u00f3 el control por los baches que hay en el sector.<br \/>\nEl siniestro vial se produjo pasado el mediod\u00eda del lunes, en el kil\u00f3metro 281 de la Ruta Nacional 89, entre Pinedo y Capdevila. Un tramo sobre el que autoridades municipales, c\u00e1maras de comercios y vecinos en general vienen pidiendo una soluci\u00f3n a Vialidad Nacional, debido a las malas condiciones de la cinta asf\u00e1ltica.<br \/>\n El Moto GP genera, en cada edici\u00f3n, una importante cantidad de turistas de todo el pa\u00eds y pa\u00edses vecinos como Brasil. En este caso, las rutas \u2013de por si con mucho tr\u00e1nsito, ya que es un nexo entre provincias- se llena de motos de importantes rodados.<br \/>\nLa BMW 1200 cc, de un ciudadano brasilero, de 54 a\u00f1os termin\u00f3 con da\u00f1os materiales, y su conductor con lesiones leves, al perder el control por los baches y caer. Fue asistido por el conductor de un veh\u00edculo privado que lo traslad\u00f3 a un nosocomio cercano.<\/p>\n<p>DIARIO NORTE.-<\/p>\n","protected":false},"excerpt":{"rendered":"<p>El estado de la ruta, en el tramo entre Pinedo y Gancedo, viene siendo un reclamo de autoridades y vecinos de la regi\u00f3n, hace a\u00f1os. Un motociclista, oriundo de Brasil, que volv\u00eda de presencia el Moto GP, desde Termas de R\u00edo Hondo en Santiago del Estero, sufri\u00f3 lesiones leves al caer de su motocicleta, de [&hellip;]<\/p>\n","protected":false},"author":1,"featured_media":14941,"comment_status":"closed","ping_status":"closed","sticky":false,"template":"","format":"standard","meta":{"footnotes":""},"categories":[6],"tags":[197],"class_list":{"0":"post-14940","1":"post","2":"type-post","3":"status-publish","4":"format-standard","5":"has-post-thumbnail","7":"category-chaco","8":"tag-destacada"},"_links":{"self":[{"href":"https:\/\/chacosintesis.com.ar\/index.php\/wp-json\/wp\/v2\/posts\/14940","targetHints":{"allow":["GET"]}}],"collection":[{"href":"https:\/\/chacosintesis.com.ar\/index.php\/wp-json\/wp\/v2\/posts"}],"about":[{"href":"https:\/\/chacosintesis.com.ar\/index.php\/wp-json\/wp\/v2\/types\/post"}],"author":[{"embeddable":true,"href":"https:\/\/chacosintesis.com.ar\/index.php\/wp-json\/wp\/v2\/users\/1"}],"replies":[{"embeddable":true,"href":"https:\/\/chacosintesis.com.ar\/index.php\/wp-json\/wp\/v2\/comments?post=14940"}],"version-history":[{"count":0,"href":"https:\/\/chacosintesis.com.ar\/index.php\/wp-json\/wp\/v2\/posts\/14940\/revisions"}],"wp:featuredmedia":[{"embeddable":true,"href":"https:\/\/chacosintesis.com.ar\/index.php\/wp-json\/wp\/v2\/media\/14941"}],"wp:attachment":[{"href":"https:\/\/chacosintesis.com.ar\/index.php\/wp-json\/wp\/v2\/media?parent=14940"}],"wp:term":[{"taxonomy":"category","embeddable":true,"href":"https:\/\/chacosintesis.com.ar\/index.php\/wp-json\/wp\/v2\/categories?post=14940"},{"taxonomy":"post_tag","embeddable":true,"href":"https:\/\/chacosintesis.com.ar\/index.php\/wp-json\/wp\/v2\/tags?post=14940"}],"curies":[{"name":"wp","href":"https:\/\/api.w.org\/{rel}","templated":true}]}}