{"id":14932,"date":"2022-04-04T08:48:38","date_gmt":"2022-04-04T11:48:38","guid":{"rendered":"https:\/\/chacosintesis.com.ar\/?p=14932"},"modified":"2022-04-04T09:09:29","modified_gmt":"2022-04-04T12:09:29","slug":"saenz-pena-enfrentamiento-entre-bandas-dejo-un-joven-fallecido-y-tres-heridos-de-arma-de-fuego","status":"publish","type":"post","link":"https:\/\/chacosintesis.com.ar\/index.php\/saenz-pena-enfrentamiento-entre-bandas-dejo-un-joven-fallecido-y-tres-heridos-de-arma-de-fuego\/","title":{"rendered":"S\u00e1enz Pe\u00f1a: Enfrentamiento entre bandas dej\u00f3 un joven fallecido y tres heridos de arma de fuego"},"content":{"rendered":"<p>El hecho ocurri\u00f3 en las primeras horas del domingo 3 de abril, cuando por motivos que se desconocen, un grupo de j\u00f3venes habr\u00edan discutido en la vereda de un bar c\u00e9ntrico para luego dirimir la discusi\u00f3n que estaba subida de tono, mediante el uso de armas de fuego.<br \/>\n Se produjo un tiroteo en la ma\u00f1ana de este domingo en un local comercial ubicado en Avenida 1 y calle 18 del centro de S\u00e1enz Pe\u00f1a, y dej\u00f3 como saldo un muerto y tres personas heridas.<\/p>\n<p>Los disparos comenzaron pasadas las 06.40 horas en un local comercial, donde funcionan un quiosco y un bar.<\/p>\n<p>La v\u00edctima fatal habr\u00eda recibido un disparo en el pecho. Los tres hombres heridos, entre ellos el propietario del lugar, fueron derivados al hospital 4 de Junio.<\/p>\n<p>Seg\u00fan trascendi\u00f3, algunos de los atacantes estar\u00edan ligados estrechamente al narcotr\u00e1fico y narcomenudeo en Presidencia Roque S\u00e1enz Pe\u00f1a.<\/p>\n<p>La Fiscal\u00eda Penal N\u00b0 1, dispuso la intervenci\u00f3n del Gabinete Cient\u00edfico del Poder Judicial y el m\u00e9dico policial en turno. En el lugar, tambi\u00e9n trabaja la Polic\u00eda que implement\u00f3 un dispositivo de seguridad para resguardar la escena del crimen.<br \/>\n DIARIO 21.-<\/p>\n","protected":false},"excerpt":{"rendered":"<p>El hecho ocurri\u00f3 en las primeras horas del domingo 3 de abril, cuando por motivos que se desconocen, un grupo de j\u00f3venes habr\u00edan discutido en la vereda de un bar c\u00e9ntrico para luego dirimir la discusi\u00f3n que estaba subida de tono, mediante el uso de armas de fuego. Se produjo un tiroteo en la ma\u00f1ana [&hellip;]<\/p>\n","protected":false},"author":1,"featured_media":14933,"comment_status":"closed","ping_status":"closed","sticky":false,"template":"","format":"standard","meta":{"footnotes":""},"categories":[6],"tags":[197],"class_list":{"0":"post-14932","1":"post","2":"type-post","3":"status-publish","4":"format-standard","5":"has-post-thumbnail","7":"category-chaco","8":"tag-destacada"},"_links":{"self":[{"href":"https:\/\/chacosintesis.com.ar\/index.php\/wp-json\/wp\/v2\/posts\/14932","targetHints":{"allow":["GET"]}}],"collection":[{"href":"https:\/\/chacosintesis.com.ar\/index.php\/wp-json\/wp\/v2\/posts"}],"about":[{"href":"https:\/\/chacosintesis.com.ar\/index.php\/wp-json\/wp\/v2\/types\/post"}],"author":[{"embeddable":true,"href":"https:\/\/chacosintesis.com.ar\/index.php\/wp-json\/wp\/v2\/users\/1"}],"replies":[{"embeddable":true,"href":"https:\/\/chacosintesis.com.ar\/index.php\/wp-json\/wp\/v2\/comments?post=14932"}],"version-history":[{"count":0,"href":"https:\/\/chacosintesis.com.ar\/index.php\/wp-json\/wp\/v2\/posts\/14932\/revisions"}],"wp:featuredmedia":[{"embeddable":true,"href":"https:\/\/chacosintesis.com.ar\/index.php\/wp-json\/wp\/v2\/media\/14933"}],"wp:attachment":[{"href":"https:\/\/chacosintesis.com.ar\/index.php\/wp-json\/wp\/v2\/media?parent=14932"}],"wp:term":[{"taxonomy":"category","embeddable":true,"href":"https:\/\/chacosintesis.com.ar\/index.php\/wp-json\/wp\/v2\/categories?post=14932"},{"taxonomy":"post_tag","embeddable":true,"href":"https:\/\/chacosintesis.com.ar\/index.php\/wp-json\/wp\/v2\/tags?post=14932"}],"curies":[{"name":"wp","href":"https:\/\/api.w.org\/{rel}","templated":true}]}}