{"id":14930,"date":"2022-04-02T17:04:14","date_gmt":"2022-04-02T20:04:14","guid":{"rendered":"https:\/\/chacosintesis.com.ar\/?p=14930"},"modified":"2022-04-02T17:07:27","modified_gmt":"2022-04-02T20:07:27","slug":"se-realizo-en-las-brenas-el-acto-oficial-del-dia-del-veterano-y-de-los-caidos-en-la-guerra-de-malvinas","status":"publish","type":"post","link":"https:\/\/chacosintesis.com.ar\/index.php\/se-realizo-en-las-brenas-el-acto-oficial-del-dia-del-veterano-y-de-los-caidos-en-la-guerra-de-malvinas\/","title":{"rendered":"Se realiz\u00f3 en Las Bre\u00f1as el acto oficial del D\u00eda del Veterano y de los Ca\u00eddos en la Guerra de Malvinas"},"content":{"rendered":"<p>El programa del acto conmemorativo del D\u00eda del Veterano y de los Ca\u00eddos en la Guerra de Malvinas se realiz\u00f3 en la ciudad de Las Bre\u00f1as en el lado norte de la calle V\u00edctor Mercante en la esquina con avenida General Jones.<br \/>\n Pasadas las 9 de esta ma\u00f1ana se realiz\u00f3 en las Las Bre\u00f1as el acto oficial por los 40\u00b0 Aniversario de Malvinas, la cual comenz\u00f3 con una vigilia que se desarroll\u00f3 anoche, y continu\u00f3 hoy con el homenaje formal con autoridades provinciales, municipales, excombatientes y familiares, como principales protagonistas.<br \/>\nDIARIO NORTE.-<\/p>\n","protected":false},"excerpt":{"rendered":"<p>El programa del acto conmemorativo del D\u00eda del Veterano y de los Ca\u00eddos en la Guerra de Malvinas se realiz\u00f3 en la ciudad de Las Bre\u00f1as en el lado norte de la calle V\u00edctor Mercante en la esquina con avenida General Jones. Pasadas las 9 de esta ma\u00f1ana se realiz\u00f3 en las Las Bre\u00f1as el [&hellip;]<\/p>\n","protected":false},"author":1,"featured_media":14931,"comment_status":"closed","ping_status":"closed","sticky":false,"template":"","format":"standard","meta":{"footnotes":""},"categories":[6],"tags":[197],"class_list":{"0":"post-14930","1":"post","2":"type-post","3":"status-publish","4":"format-standard","5":"has-post-thumbnail","7":"category-chaco","8":"tag-destacada"},"_links":{"self":[{"href":"https:\/\/chacosintesis.com.ar\/index.php\/wp-json\/wp\/v2\/posts\/14930","targetHints":{"allow":["GET"]}}],"collection":[{"href":"https:\/\/chacosintesis.com.ar\/index.php\/wp-json\/wp\/v2\/posts"}],"about":[{"href":"https:\/\/chacosintesis.com.ar\/index.php\/wp-json\/wp\/v2\/types\/post"}],"author":[{"embeddable":true,"href":"https:\/\/chacosintesis.com.ar\/index.php\/wp-json\/wp\/v2\/users\/1"}],"replies":[{"embeddable":true,"href":"https:\/\/chacosintesis.com.ar\/index.php\/wp-json\/wp\/v2\/comments?post=14930"}],"version-history":[{"count":0,"href":"https:\/\/chacosintesis.com.ar\/index.php\/wp-json\/wp\/v2\/posts\/14930\/revisions"}],"wp:featuredmedia":[{"embeddable":true,"href":"https:\/\/chacosintesis.com.ar\/index.php\/wp-json\/wp\/v2\/media\/14931"}],"wp:attachment":[{"href":"https:\/\/chacosintesis.com.ar\/index.php\/wp-json\/wp\/v2\/media?parent=14930"}],"wp:term":[{"taxonomy":"category","embeddable":true,"href":"https:\/\/chacosintesis.com.ar\/index.php\/wp-json\/wp\/v2\/categories?post=14930"},{"taxonomy":"post_tag","embeddable":true,"href":"https:\/\/chacosintesis.com.ar\/index.php\/wp-json\/wp\/v2\/tags?post=14930"}],"curies":[{"name":"wp","href":"https:\/\/api.w.org\/{rel}","templated":true}]}}