{"id":14882,"date":"2022-03-28T20:44:20","date_gmt":"2022-03-28T23:44:20","guid":{"rendered":"https:\/\/chacosintesis.com.ar\/?p=14882"},"modified":"2022-03-28T21:08:27","modified_gmt":"2022-03-29T00:08:27","slug":"saenz-pena-un-nino-de-12-anos-murio-electrocutado-en-el-barrio-puerta-del-sol","status":"publish","type":"post","link":"https:\/\/chacosintesis.com.ar\/index.php\/saenz-pena-un-nino-de-12-anos-murio-electrocutado-en-el-barrio-puerta-del-sol\/","title":{"rendered":"S\u00e1enz Pe\u00f1a: un ni\u00f1o de 12 a\u00f1os muri\u00f3 electrocutado en el barrio Puerta del Sol"},"content":{"rendered":"<p>Un ni\u00f1o de 12 a\u00f1os muri\u00f3 electrocutado en el techo de una vivienda en el barrio Puerta del Sol, S\u00e1enz Pe\u00f1a, esta tarde alrededor de las 18:30.<br \/>\nIntervino por la causa el fiscal en turno, el m\u00e9dico policial y el Gabinete Cient\u00edfico del Poder Judicial. Se hicieron presentes las autoridades policiales para constatar la veracidad de lo ocurrido.<br \/>\n DIARIO CHACO.-<\/p>\n","protected":false},"excerpt":{"rendered":"<p>Un ni\u00f1o de 12 a\u00f1os muri\u00f3 electrocutado en el techo de una vivienda en el barrio Puerta del Sol, S\u00e1enz Pe\u00f1a, esta tarde alrededor de las 18:30. Intervino por la causa el fiscal en turno, el m\u00e9dico policial y el Gabinete Cient\u00edfico del Poder Judicial. Se hicieron presentes las autoridades policiales para constatar la veracidad [&hellip;]<\/p>\n","protected":false},"author":1,"featured_media":14883,"comment_status":"closed","ping_status":"closed","sticky":false,"template":"","format":"standard","meta":{"footnotes":""},"categories":[6],"tags":[],"class_list":{"0":"post-14882","1":"post","2":"type-post","3":"status-publish","4":"format-standard","5":"has-post-thumbnail","7":"category-chaco"},"_links":{"self":[{"href":"https:\/\/chacosintesis.com.ar\/index.php\/wp-json\/wp\/v2\/posts\/14882","targetHints":{"allow":["GET"]}}],"collection":[{"href":"https:\/\/chacosintesis.com.ar\/index.php\/wp-json\/wp\/v2\/posts"}],"about":[{"href":"https:\/\/chacosintesis.com.ar\/index.php\/wp-json\/wp\/v2\/types\/post"}],"author":[{"embeddable":true,"href":"https:\/\/chacosintesis.com.ar\/index.php\/wp-json\/wp\/v2\/users\/1"}],"replies":[{"embeddable":true,"href":"https:\/\/chacosintesis.com.ar\/index.php\/wp-json\/wp\/v2\/comments?post=14882"}],"version-history":[{"count":0,"href":"https:\/\/chacosintesis.com.ar\/index.php\/wp-json\/wp\/v2\/posts\/14882\/revisions"}],"wp:featuredmedia":[{"embeddable":true,"href":"https:\/\/chacosintesis.com.ar\/index.php\/wp-json\/wp\/v2\/media\/14883"}],"wp:attachment":[{"href":"https:\/\/chacosintesis.com.ar\/index.php\/wp-json\/wp\/v2\/media?parent=14882"}],"wp:term":[{"taxonomy":"category","embeddable":true,"href":"https:\/\/chacosintesis.com.ar\/index.php\/wp-json\/wp\/v2\/categories?post=14882"},{"taxonomy":"post_tag","embeddable":true,"href":"https:\/\/chacosintesis.com.ar\/index.php\/wp-json\/wp\/v2\/tags?post=14882"}],"curies":[{"name":"wp","href":"https:\/\/api.w.org\/{rel}","templated":true}]}}