{"id":14870,"date":"2022-03-28T08:30:12","date_gmt":"2022-03-28T11:30:12","guid":{"rendered":"https:\/\/chacosintesis.com.ar\/?p=14870"},"modified":"2022-03-28T08:37:35","modified_gmt":"2022-03-28T11:37:35","slug":"en-las-garcitas-capitanich-habilito-refacciones-en-la-plaza-central","status":"publish","type":"post","link":"https:\/\/chacosintesis.com.ar\/index.php\/en-las-garcitas-capitanich-habilito-refacciones-en-la-plaza-central\/","title":{"rendered":"En Las Garcitas, Capitanich habilit\u00f3 refacciones en la plaza central"},"content":{"rendered":"<p>Este domingo en Las Garcitas, el gobernador Jorge Capitanich junto al intendente local, Sergio Dolce, inaugur\u00f3 la refacci\u00f3n integral de la Plaza Central de la localidad, obra que demand\u00f3 una inversi\u00f3n total de $25.530.614,69. Adem\u00e1s, Capitanich rubric\u00f3 un convenio para la ampliaci\u00f3n y refacci\u00f3n del Centro de Ex Combatientes de \u201cMalvinas Argentinas\u201d del municipio y el museo de la tem\u00e1tica.<br \/>\nDurante la inauguraci\u00f3n de la plaza, Capitanich manifest\u00f3 que \u201ces necesario que desde los gobiernos se impulsen espacios que constituyan lugares de encuentro porque son importantes, trascendentes que constituyen la cultura del encuentro y promover la construcci\u00f3n de valores\u201d dijo.<br \/>\n\u201cSe trata de un espacio que se llena con el contenido de todos los d\u00edas, con el quehacer cotidiano de vecinos y vecinas\u201d manifest\u00f3 el gobernador, quien estuvo acompa\u00f1ado por los ministros de Gobierno y Justicia, Juan Manuel Chapo; y el de Planificaci\u00f3n, Econom\u00eda e Infraestructura, Santiago P\u00e9rez Pons; ex combatientes, concejales y vecinos y vecinas de la localidad.<br \/>\nCon financiamiento del Gobierno, a trav\u00e9s del Ministerio de Planificaci\u00f3n, Econom\u00eda e Infraestructura, se construyeron todas las veredas, se instal\u00f3 nueva luminaria con tecnolog\u00eda de led y se realiz\u00f3 el \u00e1rea de juegos y se instalaron pisos de caucho antigolpes.<br \/>\nAsimismo, se moderniz\u00f3 la ic\u00f3nica fuente de agua, se cambiaron sus pisos y se instal\u00f3 nueva iluminaci\u00f3n en las bocas de agua. Se realiz\u00f3 una plaza seca con un anfiteatro para eventos locales, que permitir\u00e1 reunir a vecinos y vecinas para disfrutar de m\u00faltiples espect\u00e1culos. Cabe destacar que la obra se realiz\u00f3 con mano de obra local.<br \/>\n Centro de Ex Combatientes de Malvinas y museo<br \/>\nPrevio a la conmemoraci\u00f3n de los 40 a\u00f1os de la Guerra de Malvinas, Capitanich rubric\u00f3 un convenio para la refacci\u00f3n y ampliaci\u00f3n del centro de Ex Combatientes, ubicado en la calle Feldman entre Jos\u00e9 Nieto y avenida Intendente Dolce. \u201cHoy suscribimos este convenio que es un gran homenaje a todos nuestros ex combatientes para que tengan un centro para que honren la memoria y el compromiso de nuestros h\u00e9roes de Malvinas. Felicitaciones por esto porque era una deuda pendiente que ten\u00edamos\u201d manifest\u00f3.<br \/>\nCon una inversi\u00f3n de $8.402.057,84, se ejecutar\u00e1n 60 metros cuadrados de refacci\u00f3n y 76 metros cuadrados de ampliaci\u00f3n, entre los trabajos proyectados, se incluye la ejecuci\u00f3n de revoques completos, colocaci\u00f3n de cielorraso de placas de yeso y pisos de cer\u00e1micos.<br \/>\nAdem\u00e1s, se construir\u00e1 la cocina, el ba\u00f1o (con sus respectivos accesorios), dormitorios, el sal\u00f3n de usos m\u00faltiples (SUM), y se colocar\u00e1n nuevas puertas y ventanas. Se realizar\u00e1n instalaciones de provisi\u00f3n de agua, tanque de reserva, instalaci\u00f3n de gas, instalaci\u00f3n el\u00e9ctrica, se incluir\u00e1n elementos de protecci\u00f3n, seguridad e iluminaci\u00f3n y se pintar\u00e1 todo el lugar.<br \/>\nPor \u00faltimo, Capitanich cerr\u00f3 su discurso diciendo que \u201cSiempre faltar\u00e1 y tendremos que hacer m\u00e1s, pero hemos hecho mucho y lo hicimos con ustedes. Con la concurrencia de vecinos y vecinas, con compromiso con nuestras mujeres homenajeadas, ex combatientes lo hicimos con docentes, trabajadores de salud, de seguridad p\u00fablica, justicia, productores, industriales, lo hicimos con los hicimos con todos y entre todos. Es el desaf\u00edo de la Argentina, del Chaco y de seguir construyendo con todos y entre godos en Las Garcitas\u201d, finaliz\u00f3.<br \/>\nA su turno y en referencia a la firma de convenio para la refacci\u00f3n del Centro de Ex Combatientes y el Museo de Malvinas del municipio, el ministro Juan Manuel Chapo asegur\u00f3 que contar\u00e1 con \u201cuna infraestructura adecuada para exhibir all\u00ed todos los elementos que usaron los ex combatientes\u201d.<br \/>\nAdem\u00e1s, Chapo remarc\u00f3 que se est\u00e1 trabajando en cada uno de los centros de la provincia, previo a la conmemoraci\u00f3n de los 40 a\u00f1os del conflicto b\u00e9lico.<br \/>\nA su turno, el jefe comunal Sergio Dolce expres\u00f3 la alegr\u00eda de contar con una plaza totalmente refaccionada \u201cporque es el lugar de encuentro de las familias del pueblo y es la obra m\u00e1s emblem\u00e1tica de cualquier lugar\u201d dijo.<br \/>\nGracias a estas refacciones, \u201clas familias tienen su lugar de encuentro, que tambi\u00e9n disfrutan las y los estudiantes y los emprendedores, que cuentan con un lugar para vender sus productos\u201d afirm\u00f3 Dolce y destac\u00f3: \u201cNos llena de satisfacci\u00f3n contar con este lugar, que se hizo con mano de obra local y que no tiene nada que envidiar a las plazas de las grandes urbes\u201d finaliz\u00f3.<\/p>\n","protected":false},"excerpt":{"rendered":"<p>Este domingo en Las Garcitas, el gobernador Jorge Capitanich junto al intendente local, Sergio Dolce, inaugur\u00f3 la refacci\u00f3n integral de la Plaza Central de la localidad, obra que demand\u00f3 una inversi\u00f3n total de $25.530.614,69. Adem\u00e1s, Capitanich rubric\u00f3 un convenio para la ampliaci\u00f3n y refacci\u00f3n del Centro de Ex Combatientes de \u201cMalvinas Argentinas\u201d del municipio y [&hellip;]<\/p>\n","protected":false},"author":1,"featured_media":14871,"comment_status":"closed","ping_status":"closed","sticky":false,"template":"","format":"standard","meta":{"footnotes":""},"categories":[6],"tags":[],"class_list":{"0":"post-14870","1":"post","2":"type-post","3":"status-publish","4":"format-standard","5":"has-post-thumbnail","7":"category-chaco"},"_links":{"self":[{"href":"https:\/\/chacosintesis.com.ar\/index.php\/wp-json\/wp\/v2\/posts\/14870","targetHints":{"allow":["GET"]}}],"collection":[{"href":"https:\/\/chacosintesis.com.ar\/index.php\/wp-json\/wp\/v2\/posts"}],"about":[{"href":"https:\/\/chacosintesis.com.ar\/index.php\/wp-json\/wp\/v2\/types\/post"}],"author":[{"embeddable":true,"href":"https:\/\/chacosintesis.com.ar\/index.php\/wp-json\/wp\/v2\/users\/1"}],"replies":[{"embeddable":true,"href":"https:\/\/chacosintesis.com.ar\/index.php\/wp-json\/wp\/v2\/comments?post=14870"}],"version-history":[{"count":0,"href":"https:\/\/chacosintesis.com.ar\/index.php\/wp-json\/wp\/v2\/posts\/14870\/revisions"}],"wp:featuredmedia":[{"embeddable":true,"href":"https:\/\/chacosintesis.com.ar\/index.php\/wp-json\/wp\/v2\/media\/14871"}],"wp:attachment":[{"href":"https:\/\/chacosintesis.com.ar\/index.php\/wp-json\/wp\/v2\/media?parent=14870"}],"wp:term":[{"taxonomy":"category","embeddable":true,"href":"https:\/\/chacosintesis.com.ar\/index.php\/wp-json\/wp\/v2\/categories?post=14870"},{"taxonomy":"post_tag","embeddable":true,"href":"https:\/\/chacosintesis.com.ar\/index.php\/wp-json\/wp\/v2\/tags?post=14870"}],"curies":[{"name":"wp","href":"https:\/\/api.w.org\/{rel}","templated":true}]}}