{"id":12689,"date":"2021-11-07T12:58:26","date_gmt":"2021-11-07T15:58:26","guid":{"rendered":"https:\/\/chacosintesis.com.ar\/?p=12689"},"modified":"2021-11-07T13:07:37","modified_gmt":"2021-11-07T16:07:37","slug":"gerardo-morales-el-14-de-noviembre-chaco-cambia-volvera-a-ganar-en-la-provincia","status":"publish","type":"post","link":"https:\/\/chacosintesis.com.ar\/index.php\/gerardo-morales-el-14-de-noviembre-chaco-cambia-volvera-a-ganar-en-la-provincia\/","title":{"rendered":"Gerardo Morales: &#8220;El 14 de noviembre Chaco Cambia volver\u00e1 a ganar en la provincia&#8221;"},"content":{"rendered":"<div dir=\"ltr\">Con la presencia del gobernador de Jujuy, Gerardo Morales \u00a0acompa\u00f1ando a los candidatos a diputados nacionales y provinciales de Chaco Cambia, Lista 503, Juan Carlos Polini y Leandro Zdero, se realiz\u00f3 una reuni\u00f3n dirigencial con la participaci\u00f3n del ex gobernador del Chaco y actual vicepresidente segundo del Comit\u00e9 Nacional de la UCR Angel Rozas, los senadores nacionales V\u00edctor Zimmermann y Mario Fiad de Jujuy, legisladores provinciales y nacionales, intendentes, concejales y una masiva presencia de militantes.<\/p>\n<p>El gobernador de Jujuy Gerardo Morales felicit\u00f3 a candidatos, dirigentes \u00a0y militantes por el triunfo del 12 de septiembre \u201cGanamos en 17 provincias y el 14 de noviembre vamos a volver a ganar tambi\u00e9n en Chaco mas all\u00e1 de \u00a0que regalen lo que regalen, no van a revertir la voluntad popular\u201d<\/p>\n<p>\u201cMientras ellos se pelan los maestros est\u00e1n mal, las pymes est\u00e1n mal, los productores est\u00e1n mal, los m\u00e9dicos y enfermeros est\u00e1n mal, los j\u00f3venes est\u00e1n mal, debemos luchar por la libertad del pueblo, para terminar con las injusticias, en bueno aires las empresas de transporte p\u00fablico reciben $273.000 en subsidios por cada chofer, en el interior 73.000, el boleto $18, en el interior hasta $50, \u00a0la luz 5 veces as cara en el interior\u201d<\/p>\n<p>\u201cPor eso me alegro tambi\u00e9n que Facundo Manes haya dado el paso y as\u00ed la UCR logr\u00f3 aportar 1.300.000 votos, un radicalismo que no es furg\u00f3n de cola sino con un rol central en los cambios que deben venir, la UCR no quiere ser due\u00f1o de la coalici\u00f3n, pero tampoco acepta due\u00f1os, que no nos corran con que no sabemos gobernar, hay cientos de intendentes radicales que gobiernan bien, y muchos gobernadores que gobernamos bien, ac\u00e1 cerca est\u00e1 Gustavo Vald\u00e9s, tambi\u00e9n en Mendoza, en Jujuy hemos ordenado la provincia devolvi\u00e9ndole la paz, terminando con los delincuentes que le daban una vivienda y los obligaban a marchar si no le quitaban la casa, les dimos la escritura para que \u00a0nunca m\u00e1s \u00a0nadie los obligue a ir contra su voluntad, \u00a0necesitamos recuperar el esp\u00edritu emprendedor que luche y ponga de pie este pa\u00eds para generar trabajo y devolver la dignidad\u201d <\/p>\n<p>Rozas: \u201cLa gente siempre va un paso adelante de los dirigentes\u201d<\/p>\n<p>El ex gobernador del Chaco, Angel Rozas, agradeci\u00f3 a dirigentes y militantes de los partidos que integran la coalici\u00f3n Chaco Cambia \u201cQuiero agradecer \u00a0a \u00a0mi amigo Gerardo Morales su presencia en el Chaco, nuestra coalici\u00f3n y los candidatos que est\u00e1n caminando todos los rincones de la provincia necesitan del acompa\u00f1amiento de la dirigencia nacional, en este caso de quien es gobernador de Jujuy, un excelente dirigente nacional, pero por sobre todas las cosas un gran militante, con compromiso con la gente\u201d<\/p>\n<p>\u201cNuestra UCR es protagonista importante esta coalici\u00f3n, con grandes posibilidades de ganar el 14 de noviembre y en 2023 recuperar la gobernaci\u00f3n, hoy, \u00a0este partido fuerte, no siempre vivi\u00f3 tiempos de euforia, hubo momentos de dificultades, tristezas, de d\u00edas amargos como en 2001 cuando se derrumbaba el pa\u00eds y muchos se fueron, con Gerardo nos quedamos a defender los valores y principios de nuestro partido, \u00a0por eso hoy estoy tan feliz de que esa UCR, que algunos cre\u00edan que se mor\u00eda para siempre, \u00a0sea un partido trascendentes en Juntos por el Cambio con chances de presidir la Argentina\u201d<\/p>\n<p>\u201cTenemos diferencias abismales con el gobierno, por ejemplo que la dignidad no se compra, cuando abran las urnas se van a encontrar con la respuesta adecuada porque la gente siempre va adelante de los dirigentes\u201d <\/p>\n<p>Polini: \u201cFaltan 8 d\u00edas para un hito hist\u00f3rico en el Chaco\u201d<\/p>\n<p>Luego de agradecer el acompa\u00f1amiento de Gerardo Morales el candidato a diputado nacional Juan Carlos Polini dijo \u201cFaltan 8 d\u00edas para un hito hist\u00f3rico en el Chaco, vamos a cambiar a quienes dicen representar a los chaque\u00f1os y se roban la leche de los chicos, el dinero para que llegue el agua, la mercader\u00eda y las viviendas para las familias de menos recursos, los que tiene al 70% de los chaque\u00f1os viviendo en la pobreza cuando somos la cuarta provincia que m\u00e1s dinero recibe de Naci\u00f3n\u201d<\/p>\n<p>Zdero: \u201cEs tiempo de estar juntos por los chaque\u00f1os\u201d <\/p>\n<p>Quien encabeza la lista de candidatos de diputado provinciales, Leandro Zdero, resalt\u00f3 la presencia de Gerardo Morales \u201cEs un gran gobernador que tiene mucho para mostrar de c\u00f3mo se transforma una provincia, Jujuy estaba sumida en la resignaci\u00f3n, hoy son una provincia pujante, creciendo y desarroll\u00e1ndose de manera sostenible, termin\u00f3 con los piquetes, con los extorsionadores, fortaleci\u00f3 la educaci\u00f3n y la salud\u201d<\/p>\n<p>\u201cQuienes est\u00e1n en el poder en Chaco se alejaron de la realidad, \u00a0pretenden comprar la dignidad de los chaque\u00f1os, pero la dignidad no tiene precio, y todo esto que hoy ofrecen tiene fecha de vencimiento el 14 de noviembre\u201d<\/p>\n<p>\u201cChaco Cambia est\u00e1 al lado de los chaque\u00f1os, sintiendo su dolor, escuchando y buscando la soluci\u00f3n, as\u00ed naci\u00f3 nuestra alianza con el maestro, el enfermero, los \u00a0j\u00f3venes, los comerciantes, los productores, es tiempo de estar espalda con espalda, \u00a0no importa partido o l\u00ednea, todos juntos por los chaque\u00f1os\u201d<\/p>\n<p>Kaenel: \u201cLa educaci\u00f3n debe ser el eje transversal\u201d<\/p>\n<p>La candidata a diputada provincial Zulma Galeano de Kaenel expres\u00f3 \u201cEl 14 de noviembre Chaco Cambia va a volver a \u00a0ganar en la provincia, gracias a Gerardo Morales por acompa\u00f1arnos y gracias a quienes incasablemente recorren la provincia, unidos, con fuerza y esperanza por un pueblo que pide justicia, soy docente, y les digo que encontrar\u00e1n en m\u00ed una defensora de la educaci\u00f3n para que sea el eje transversal de las pol\u00edticas p\u00fablicas\u201d <\/p>\n<p>Cipolini: \u201cComenzamos a construir un Chaco distinto\u201d<\/p>\n<p>El intendente de Presidencia Roque S\u00e1enz Pe\u00f1a, Bruno Cipolini se\u00f1al\u00f3 \u201cMi presencia tiene que ver con agradecer la presencia de Gerardo Morales por el esfuerzo de estar acompa\u00f1\u00e1ndonos, con brindar mi apoyo total, absoluto e incondicional a nuestros candidatos Juan Carlos Polini y Leandro Zdero y \u00a0por todo lo que falta en la provincia, el 14 de noviembre daremos el puntapi\u00e9 inicial para que en el 2023 podamos empezar a construir un Chaco distinto\u201d <\/p><\/div>\n","protected":false},"excerpt":{"rendered":"<p>Con la presencia del gobernador de Jujuy, Gerardo Morales \u00a0acompa\u00f1ando a los candidatos a diputados nacionales y provinciales de Chaco Cambia, Lista 503, Juan Carlos Polini y Leandro Zdero, se realiz\u00f3 una reuni\u00f3n dirigencial con la participaci\u00f3n del ex gobernador del Chaco y actual vicepresidente segundo del Comit\u00e9 Nacional de la UCR Angel Rozas, los [&hellip;]<\/p>\n","protected":false},"author":1,"featured_media":12690,"comment_status":"closed","ping_status":"closed","sticky":false,"template":"","format":"standard","meta":{"footnotes":""},"categories":[6],"tags":[],"class_list":{"0":"post-12689","1":"post","2":"type-post","3":"status-publish","4":"format-standard","5":"has-post-thumbnail","7":"category-chaco"},"_links":{"self":[{"href":"https:\/\/chacosintesis.com.ar\/index.php\/wp-json\/wp\/v2\/posts\/12689","targetHints":{"allow":["GET"]}}],"collection":[{"href":"https:\/\/chacosintesis.com.ar\/index.php\/wp-json\/wp\/v2\/posts"}],"about":[{"href":"https:\/\/chacosintesis.com.ar\/index.php\/wp-json\/wp\/v2\/types\/post"}],"author":[{"embeddable":true,"href":"https:\/\/chacosintesis.com.ar\/index.php\/wp-json\/wp\/v2\/users\/1"}],"replies":[{"embeddable":true,"href":"https:\/\/chacosintesis.com.ar\/index.php\/wp-json\/wp\/v2\/comments?post=12689"}],"version-history":[{"count":0,"href":"https:\/\/chacosintesis.com.ar\/index.php\/wp-json\/wp\/v2\/posts\/12689\/revisions"}],"wp:featuredmedia":[{"embeddable":true,"href":"https:\/\/chacosintesis.com.ar\/index.php\/wp-json\/wp\/v2\/media\/12690"}],"wp:attachment":[{"href":"https:\/\/chacosintesis.com.ar\/index.php\/wp-json\/wp\/v2\/media?parent=12689"}],"wp:term":[{"taxonomy":"category","embeddable":true,"href":"https:\/\/chacosintesis.com.ar\/index.php\/wp-json\/wp\/v2\/categories?post=12689"},{"taxonomy":"post_tag","embeddable":true,"href":"https:\/\/chacosintesis.com.ar\/index.php\/wp-json\/wp\/v2\/tags?post=12689"}],"curies":[{"name":"wp","href":"https:\/\/api.w.org\/{rel}","templated":true}]}}