{"id":12679,"date":"2021-11-05T23:00:50","date_gmt":"2021-11-06T02:00:50","guid":{"rendered":"https:\/\/chacosintesis.com.ar\/?p=12679"},"modified":"2021-11-05T23:06:56","modified_gmt":"2021-11-06T02:06:56","slug":"peche-hablando-de-lobos-y-corderos-capitanich-seria-el-pastorcito","status":"publish","type":"post","link":"https:\/\/chacosintesis.com.ar\/index.php\/peche-hablando-de-lobos-y-corderos-capitanich-seria-el-pastorcito\/","title":{"rendered":"Peche: &#8220;Hablando de lobos y corderos, Capitanich ser\u00eda el pastorcito&#8221;"},"content":{"rendered":"<div dir=\"ltr\">En respuesta al cuestionamiento efectuado por el gobernador Jorge Capitanich respecto del acompa\u00f1amiento de los chaque\u00f1os a la alianza Chaco Cambia, Lista 503, el presidente del interbloque de diputados de la UCR, Carim Peche, dio a conocer una carta abierta:<\/p>\n<p>Se\u00f1or gobernador: <\/p>\n<p>Los chaque\u00f1os le creyeron cuando prometi\u00f3 100.000 puestos de empleo. Tras 14 a\u00f1os de su gobierno lo que hizo fue incorporar al Estado provincial m\u00e1s de 60.000 amigos, funcionarios y punteros de su partido mientras los trabajadores precarizados siguen esperando. <\/p>\n<p>Los chaque\u00f1os le creyeron cuando prometi\u00f3 empleo joven. Tras 14 a\u00f1os de su gobierno, \u00a07 de cada 10 j\u00f3venes se quieren ir del Chaco porque no encuentran la oportunidad de desarrollar sus proyectos.<\/p>\n<p>Los chaque\u00f1os le creyeron cuando prometi\u00f3 garantizar seguridad y libertad. Tras 14 a\u00f1os de su gobierno somos rehenes de piqueteros, delincuentes y narcotraficantes. \u00a0<\/p>\n<p>Los chaque\u00f1os le creyeron cuando prometi\u00f3 convertir el Chaco en una potencia agroalimentaria. Tras 14 a\u00f1os de su gobierno el 53% de los ciudadanos son pobres y el 17% \u00a0indigente; \u00a0se roban 200.000 litros de leche destinada a ni\u00f1os con desnutrici\u00f3n y la mercader\u00eda para las familias de menores recursos se termina vendiendo en los supermercados.<\/p>\n<p>Los chaque\u00f1os le creyeron cuando prometi\u00f3 recomponer salarios y jubilaciones. Tras 14 a\u00f1os de su gobierno, est\u00e1n por debajo de la l\u00ednea de pobreza.<\/p>\n<p>Los chaque\u00f1os le creyeron cuando prometi\u00f3 mejorar el sistema sanitario. Tras 14 a\u00f1os de su gobierno los hospitales est\u00e1n sin insumos, sin medicamentos, faltan profesionales y trabajadores precarizados.<\/p>\n<p>Los chaque\u00f1os le creyeron cuando prometi\u00f3 calidad educativa. Tras 14 a\u00f1os de su gobierno los docentes cobran salarios de pobreza, se perdi\u00f3 el equivalente a casi 3 ciclos lectivos por demandas no resueltas y la cuarentena m\u00e1s larga y absurda del mundo. \u00a0<\/p>\n<p>Los chaque\u00f1os le creyeron cuando prometi\u00f3 terminar el segundo acueducto. Tras 14 a\u00f1os de su gobierno, y U$D 400 millones de d\u00f3lares recibidos, el interior sigue sin agua potable.<\/p>\n<p>Los chaque\u00f1os le creyeron cuando prometi\u00f3 viviendas. Tras 14 a\u00f1os de su gobierno, desaparecieron 2000 destinadas a comunidades ind\u00edgenas. Las que eran parte del programa sue\u00f1os compartidos terminaron siendo sue\u00f1os robados y otras tantas judicializadas por sospechas de corrupci\u00f3n. <\/p>\n<p>Los chaque\u00f1os le creyeron cuando prometi\u00f3 mejorar el suministro el\u00e9ctrico y reducir tarifas. Tras 14 a\u00f1os de su gobierno la luz se corta a cada rato y la tarifa es una de las m\u00e1s caras del pa\u00eds.<\/p>\n<p>Los chaque\u00f1os le creyeron cuando prometi\u00f3 acompa\u00f1ar a quien produce, genera desarrollo y empleo. Tras 14 a\u00f1os de su gobierno el sector privado es asfixiado con impuestos, restricciones y \u00a0\u201ccontroles militantes.<\/p>\n<p>Se\u00f1or gobernador, ajust\u00e1ndome a su cita de lobos y corderos, usted ser\u00eda el pastorcito.\u00a0 No se enoje con los chaque\u00f1os por haber dicho BASTA a tanta mentira. Por haber elegido democr\u00e1ticamente a quienes representamos otra manera de hacer pol\u00edtica y de gestionar. CHACO CAMBIA Lista 503 es la esperanza de dar el primer paso hacia la construcci\u00f3n de un Chaco nuevo en el que podamos vivir y sentirnos mejor. <\/p><\/div>\n","protected":false},"excerpt":{"rendered":"<p>En respuesta al cuestionamiento efectuado por el gobernador Jorge Capitanich respecto del acompa\u00f1amiento de los chaque\u00f1os a la alianza Chaco Cambia, Lista 503, el presidente del interbloque de diputados de la UCR, Carim Peche, dio a conocer una carta abierta: Se\u00f1or gobernador: Los chaque\u00f1os le creyeron cuando prometi\u00f3 100.000 puestos de empleo. Tras 14 a\u00f1os [&hellip;]<\/p>\n","protected":false},"author":1,"featured_media":12680,"comment_status":"closed","ping_status":"closed","sticky":false,"template":"","format":"standard","meta":{"footnotes":""},"categories":[6],"tags":[],"class_list":{"0":"post-12679","1":"post","2":"type-post","3":"status-publish","4":"format-standard","5":"has-post-thumbnail","7":"category-chaco"},"_links":{"self":[{"href":"https:\/\/chacosintesis.com.ar\/index.php\/wp-json\/wp\/v2\/posts\/12679","targetHints":{"allow":["GET"]}}],"collection":[{"href":"https:\/\/chacosintesis.com.ar\/index.php\/wp-json\/wp\/v2\/posts"}],"about":[{"href":"https:\/\/chacosintesis.com.ar\/index.php\/wp-json\/wp\/v2\/types\/post"}],"author":[{"embeddable":true,"href":"https:\/\/chacosintesis.com.ar\/index.php\/wp-json\/wp\/v2\/users\/1"}],"replies":[{"embeddable":true,"href":"https:\/\/chacosintesis.com.ar\/index.php\/wp-json\/wp\/v2\/comments?post=12679"}],"version-history":[{"count":0,"href":"https:\/\/chacosintesis.com.ar\/index.php\/wp-json\/wp\/v2\/posts\/12679\/revisions"}],"wp:featuredmedia":[{"embeddable":true,"href":"https:\/\/chacosintesis.com.ar\/index.php\/wp-json\/wp\/v2\/media\/12680"}],"wp:attachment":[{"href":"https:\/\/chacosintesis.com.ar\/index.php\/wp-json\/wp\/v2\/media?parent=12679"}],"wp:term":[{"taxonomy":"category","embeddable":true,"href":"https:\/\/chacosintesis.com.ar\/index.php\/wp-json\/wp\/v2\/categories?post=12679"},{"taxonomy":"post_tag","embeddable":true,"href":"https:\/\/chacosintesis.com.ar\/index.php\/wp-json\/wp\/v2\/tags?post=12679"}],"curies":[{"name":"wp","href":"https:\/\/api.w.org\/{rel}","templated":true}]}}