{"id":12670,"date":"2021-11-05T18:57:59","date_gmt":"2021-11-05T21:57:59","guid":{"rendered":"https:\/\/chacosintesis.com.ar\/?p=12670"},"modified":"2021-11-05T19:06:51","modified_gmt":"2021-11-05T22:06:51","slug":"saenz-pena-grave-accidente-un-trabajador-de-telecom-se-cayo-del-techo-y-sufrio-fractura-de-craneo","status":"publish","type":"post","link":"https:\/\/chacosintesis.com.ar\/index.php\/saenz-pena-grave-accidente-un-trabajador-de-telecom-se-cayo-del-techo-y-sufrio-fractura-de-craneo\/","title":{"rendered":"Saenz Pe\u00f1a: Grave accidente, un trabajador de Telecom se cay\u00f3 del techo y sufri\u00f3 fractura de cr\u00e1neo"},"content":{"rendered":"<div dir=\"ltr\">Un grave accidente laboral ocurri\u00f3 esta tarde en la ciudad de S\u00e1enz Pe\u00f1a. Un trabajador de la empresa Telecom se cay\u00f3 del techo y sufri\u00f3 fractura de cr\u00e1neo.<br \/>\u00a0<br \/>El hecho sucedi\u00f3 mientras el obrero cumpl\u00eda funciones en calle 16 entre 9 y 11, los compa\u00f1eros del trabajo manifestaron que, momentos antes, el hombre se encontraba trabajando sobre el techo de la empresa y se habr\u00eda resbalado. <br \/>\u00a0<br \/>El trabajador de 44 a\u00f1os fue derivado de manera urgente al Hospital 4 de Junio donde fue asistido por los m\u00e9dicos de emergencia. <br \/>\u00a0<br \/>Fue diagnosticado con \u201cTec Grave con fractura de cr\u00e1neo y contusi\u00f3n pulmonar\u201d. Por el momento, se encuentra con asistencia respiratoria mec\u00e1nica y quedar\u00e1 internado en la sala de terapia intensiva.<\/p>\n<div><\/div>\n<div>DiarioChaco.-<\/div>\n<\/div>\n","protected":false},"excerpt":{"rendered":"<p>Un grave accidente laboral ocurri\u00f3 esta tarde en la ciudad de S\u00e1enz Pe\u00f1a. Un trabajador de la empresa Telecom se cay\u00f3 del techo y sufri\u00f3 fractura de cr\u00e1neo.\u00a0El hecho sucedi\u00f3 mientras el obrero cumpl\u00eda funciones en calle 16 entre 9 y 11, los compa\u00f1eros del trabajo manifestaron que, momentos antes, el hombre se encontraba trabajando [&hellip;]<\/p>\n","protected":false},"author":1,"featured_media":12671,"comment_status":"closed","ping_status":"closed","sticky":false,"template":"","format":"standard","meta":{"footnotes":""},"categories":[6],"tags":[],"class_list":{"0":"post-12670","1":"post","2":"type-post","3":"status-publish","4":"format-standard","5":"has-post-thumbnail","7":"category-chaco"},"_links":{"self":[{"href":"https:\/\/chacosintesis.com.ar\/index.php\/wp-json\/wp\/v2\/posts\/12670","targetHints":{"allow":["GET"]}}],"collection":[{"href":"https:\/\/chacosintesis.com.ar\/index.php\/wp-json\/wp\/v2\/posts"}],"about":[{"href":"https:\/\/chacosintesis.com.ar\/index.php\/wp-json\/wp\/v2\/types\/post"}],"author":[{"embeddable":true,"href":"https:\/\/chacosintesis.com.ar\/index.php\/wp-json\/wp\/v2\/users\/1"}],"replies":[{"embeddable":true,"href":"https:\/\/chacosintesis.com.ar\/index.php\/wp-json\/wp\/v2\/comments?post=12670"}],"version-history":[{"count":0,"href":"https:\/\/chacosintesis.com.ar\/index.php\/wp-json\/wp\/v2\/posts\/12670\/revisions"}],"wp:featuredmedia":[{"embeddable":true,"href":"https:\/\/chacosintesis.com.ar\/index.php\/wp-json\/wp\/v2\/media\/12671"}],"wp:attachment":[{"href":"https:\/\/chacosintesis.com.ar\/index.php\/wp-json\/wp\/v2\/media?parent=12670"}],"wp:term":[{"taxonomy":"category","embeddable":true,"href":"https:\/\/chacosintesis.com.ar\/index.php\/wp-json\/wp\/v2\/categories?post=12670"},{"taxonomy":"post_tag","embeddable":true,"href":"https:\/\/chacosintesis.com.ar\/index.php\/wp-json\/wp\/v2\/tags?post=12670"}],"curies":[{"name":"wp","href":"https:\/\/api.w.org\/{rel}","templated":true}]}}