{"id":12666,"date":"2021-11-05T12:49:46","date_gmt":"2021-11-05T15:49:46","guid":{"rendered":"https:\/\/chacosintesis.com.ar\/?p=12666"},"modified":"2021-11-05T13:07:03","modified_gmt":"2021-11-05T16:07:03","slug":"morales-manes-negri-y-valdes-llegan-a-chaco-para-acompanar-a-la-lista-503-chaco-cambia","status":"publish","type":"post","link":"https:\/\/chacosintesis.com.ar\/index.php\/morales-manes-negri-y-valdes-llegan-a-chaco-para-acompanar-a-la-lista-503-chaco-cambia\/","title":{"rendered":"Morales, Manes, Negri y Vald\u00e9s llegan a Chaco para acompa\u00f1ar a la lista 503 Chaco Cambia"},"content":{"rendered":"<div dir=\"ltr\">En el marco de la campa\u00f1a electoral rumbo a las elecciones del pr\u00f3ximo 14 de noviembre, el gobernador de Jujuy Gerardo Morales, el candidato a diputado nacional de Juntos por el Cambio por la provincia de Buenos Aires Facundo Manes, el presidente del interbloque de diputados nacionales de Juntos por el Cambio Mario Negri y el gobernador de Corrientes Gustavo Vald\u00e9s visitan la provincia del Chaco para expresar su acompa\u00f1amiento a los candidatos de CHACO CAMBIA, Lista 503 encabezadas por Juan Carlos Polini como candidato a diputado nacional y Leandro Zdero a diputado provincial.<\/p>\n<p>Gerardo Morales<\/p>\n<p>La agenda de visitas prev\u00e9 en primer t\u00e9rmino la llegada del gobernador de Jujuy \u00a0Gerardo Morales \u00a0este s\u00e1bado 6 de noviembre. Mantendr\u00e1 contacto con candidatos y dirigentes locales como as\u00ed \u00a0tambi\u00e9n con medios de prensa para finalizar con una reuni\u00f3n ampliada a realizarse a la hora 12 en el sal\u00f3n \u201cEl Reencuentro\u201d ubicado en Avenida Alvear 1356 de Resistencia.<\/p>\n<p>Facundo Manes<\/p>\n<p>El lunes 8 de noviembre estar\u00e1 en el Chaco el prestigioso neurocientifico y candidato a diputado nacional de Juntos por el Cambio por la provincia de Buenos Aires, Facundo Manes. A la hora 18, y luego de recibir a medios de prensa y reunirse con candidatos y dirigentes, encabezar\u00e1 un encuentro en el aula Magna de la Universidad Nacional del Nordeste, Avenida Las Heras y Avenida Castelli.<\/p>\n<p>Mario Negri<\/p>\n<p>El martes 9 de noviembre est\u00e1 prevista la llegada del presidente del interbloque de diputados nacionales de Juntos Por el Cambio, Mario Negri. Desarrollar\u00e1 una amplia agenda de encuentros con dirigentes y candidatos, medios de comunicaci\u00f3n, y a la hora 11 participar\u00e1 de una reuni\u00f3n con militantes en el Comit\u00e9 Provincial de la UCR, L\u00f3pez y Planes 358.<\/p>\n<p>Gustavo Vald\u00e9s<\/p>\n<p>El jueves 11 de noviembre el gobernador de Corrientes, Gustavo Vald\u00e9s, se sumar\u00e1 a la lista de destacados dirigentes nacionales de la UCR que acompa\u00f1an a los candidatos de CHACO CAMBIA, Lista 503. Ser\u00e1 parte de reuniones con candidatos y dirigentes, recibir\u00e1 a medios prensa y a la hora 12 encabezar\u00e1 una reuni\u00f3n ampliada con militantes en la Pe\u00f1a Nativa Mart\u00edn Fierro.<\/p><\/div>\n","protected":false},"excerpt":{"rendered":"<p>En el marco de la campa\u00f1a electoral rumbo a las elecciones del pr\u00f3ximo 14 de noviembre, el gobernador de Jujuy Gerardo Morales, el candidato a diputado nacional de Juntos por el Cambio por la provincia de Buenos Aires Facundo Manes, el presidente del interbloque de diputados nacionales de Juntos por el Cambio Mario Negri y [&hellip;]<\/p>\n","protected":false},"author":1,"featured_media":12667,"comment_status":"closed","ping_status":"closed","sticky":false,"template":"","format":"standard","meta":{"footnotes":""},"categories":[6],"tags":[],"class_list":{"0":"post-12666","1":"post","2":"type-post","3":"status-publish","4":"format-standard","5":"has-post-thumbnail","7":"category-chaco"},"_links":{"self":[{"href":"https:\/\/chacosintesis.com.ar\/index.php\/wp-json\/wp\/v2\/posts\/12666","targetHints":{"allow":["GET"]}}],"collection":[{"href":"https:\/\/chacosintesis.com.ar\/index.php\/wp-json\/wp\/v2\/posts"}],"about":[{"href":"https:\/\/chacosintesis.com.ar\/index.php\/wp-json\/wp\/v2\/types\/post"}],"author":[{"embeddable":true,"href":"https:\/\/chacosintesis.com.ar\/index.php\/wp-json\/wp\/v2\/users\/1"}],"replies":[{"embeddable":true,"href":"https:\/\/chacosintesis.com.ar\/index.php\/wp-json\/wp\/v2\/comments?post=12666"}],"version-history":[{"count":0,"href":"https:\/\/chacosintesis.com.ar\/index.php\/wp-json\/wp\/v2\/posts\/12666\/revisions"}],"wp:featuredmedia":[{"embeddable":true,"href":"https:\/\/chacosintesis.com.ar\/index.php\/wp-json\/wp\/v2\/media\/12667"}],"wp:attachment":[{"href":"https:\/\/chacosintesis.com.ar\/index.php\/wp-json\/wp\/v2\/media?parent=12666"}],"wp:term":[{"taxonomy":"category","embeddable":true,"href":"https:\/\/chacosintesis.com.ar\/index.php\/wp-json\/wp\/v2\/categories?post=12666"},{"taxonomy":"post_tag","embeddable":true,"href":"https:\/\/chacosintesis.com.ar\/index.php\/wp-json\/wp\/v2\/tags?post=12666"}],"curies":[{"name":"wp","href":"https:\/\/api.w.org\/{rel}","templated":true}]}}