{"id":12664,"date":"2021-11-04T23:21:21","date_gmt":"2021-11-05T02:21:21","guid":{"rendered":"https:\/\/chacosintesis.com.ar\/?p=12664"},"modified":"2021-11-04T23:36:38","modified_gmt":"2021-11-05T02:36:38","slug":"el-14-de-noviembre-hay-dos-modelos-en-pugna-y-nosotros-estamos-del-lado-que-construye-el-bienestar-del-pueblo","status":"publish","type":"post","link":"https:\/\/chacosintesis.com.ar\/index.php\/el-14-de-noviembre-hay-dos-modelos-en-pugna-y-nosotros-estamos-del-lado-que-construye-el-bienestar-del-pueblo\/","title":{"rendered":"\u201cEl 14 de noviembre hay dos modelos en pugna y nosotros estamos del lado que construye el bienestar del pueblo\u201d"},"content":{"rendered":"<div dir=\"ltr\">Capitanich llam\u00f3 a la ciudadan\u00eda a elegir la Lista 501. \u201cTodo el pueblo argentino y chaque\u00f1o sabe muy bien que son dos modelos en pugna. Uno que pretende someternos y \u00a0que resignemos nuestra soberan\u00eda a favor de los intereses extranjeros, y el nuestro, que genera empleo, reactivaci\u00f3n econ\u00f3mica y mejora del salario\u201d, expres\u00f3.<\/p>\n<p>El presidente del Partido Justicialista provincial, Jorge Capitanich, encabez\u00f3 este jueves en Villa \u00c1ngela el primero de una serie de actos de cierre de campa\u00f1a del Frente de Todos. \u201cEl pr\u00f3ximo domingo 14 de noviembre debemos votar con conciencia y en defensa propia\u201d, remarc\u00f3. y agreg\u00f3: \u201cHemos escuchado la demanda de nuestro pueblo. Construimos cercan\u00eda, recuperamos el poder adquisitivo, estamos haciendo lo que tenemos que hacer\u201d.<\/p>\n<p>Desde el Club Uni\u00f3n Progresista, y acompa\u00f1ado por las y los candidatos de la Lista 501, y por el intendente local Adalberto \u201cTiti\u201d Papp, el mandatario llam\u00f3 a la militancia activa y a emitir un voto de confianza al proyecto del Frente de Todos. \u201cTodo el pueblo argentino y chaque\u00f1o sabe muy bien que son dos modelos en pugna. Uno que pretende someternos y \u00a0que resignemos nuestra soberan\u00eda a favor de los intereses extranjeros y otro, el nuestro, que genera empleo, reactivaci\u00f3n econ\u00f3mica y mejora del salario\u201d. Estuvieron presentes los candidatos a diputados y diputadas nacionales Juan Manuel Pedrini, Fabricio Bolatti y Silvana Cabrera; junto a las y los candidatos a para la Legislatura provincial Mariela Quir\u00f3s, Rodrigo Ocampo, Paola Ben\u00edtez, Atlanto Honcheruk, Juanjo Bergia, Juan Carlos Ayala, Liliana Spoljaric, Alicia Torres, Roberto Bracone, Mariela Guerra, Tom\u00e1s Benedetto, Luciana Delgado y Gustavo D\u2019 Alessandro.<\/p>\n<p>Capitanich enumer\u00f3 algunas obras clave para la localidad: \u201cEn 2007 no exist\u00edan ni el acceso Norte ni el acceso Sur, la avenida Kennedy, la avenida Deolindo Bittel, ni las 400 cuadras de pavimento urbano que hoy existen estaban aqu\u00ed. Tampoco la escuela 25, ni el cors\u00f3dromo, gendarmer\u00eda y tantas obras m\u00e1s. Cada vez que asumimos compromisos los supimos cumplir\u201d.<\/p>\n<p>Llamado a la participaci\u00f3n ciudadana<\/p>\n<p>Durante su discurso, el gobernador hizo un llamado especial a la participaci\u00f3n ciudadana: \u201cA todos aquellos que el 12 de septiembre no fueron les pedimos que vayan a votar con alegr\u00eda, con el coraz\u00f3n y al coraz\u00f3n. Les pedimos que nos acompa\u00f1en a todos los militantes, a todos los intendentes, concejales, trabajadores, empresarios, docentes, polic\u00edas, trabajadores estatales, desempleados, comunidades originarias, colectividades, criollos, creyentes y quienes no creen. Somos capaces de hacer lo que hay que hacer, las y los necesitamos a todos porque el voto de confianza nos permitir\u00e1 seguir haciendo las obras que Chaco necesita\u201d.<\/p>\n<p>Adem\u00e1s destac\u00f3 las pol\u00edticas de reactivaci\u00f3n econ\u00f3mica impulsadas por su gesti\u00f3n y la del presidente Alberto Fern\u00e1ndez: \u201cestamos en tiempos de recuperaci\u00f3n, esa recuperaci\u00f3n es el tiempo de la construcci\u00f3n. Nosotros somos quienes \u00a0fuimos capaces de hacer a\u00fan en las peores circunstancias y hemos demostrado lo que somos capaces de hacer. A ning\u00fan chaque\u00f1o\/a le falt\u00f3 una cama, un medicamento, porque fuimos capaces de gobernar a\u00fan en la adversidad. Y es bueno pensar que inspirados en el legado de Per\u00f3n, Evita, N\u00e9stor y Cristina y con el liderazgo de Alberto seremos capaces de recuperar la econom\u00eda\u201d.<\/p>\n<p>\u00a0<\/p>\n<p>Un ejercicio de memoria colectiva<\/p>\n<p>Adem\u00e1s, Capitanich arremeti\u00f3 contra los discursos opositores: No es posible que el pueblo le crea a esos lobos disfrazados de piel de cordero\u201d, apunt\u00f3. El gobernador record\u00f3 que durante la gesti\u00f3n de Cambiemos, de 2015 a 2019 \u201cla econom\u00eda cay\u00f3 5%, el salario se deterior\u00f3 en 20% y las familias se endeudaron para poder comer. Ellos indujeron a una tasa de inflaci\u00f3n acumulada de casi el 300% y promovieron una tasa de desempleo que lleg\u00f3 a dos d\u00edgitos. Es necesario hacer un ejercicio de memoria\u201d, remarc\u00f3.<\/p>\n<p>\u201cAjustaron la f\u00f3rmula para reducir el ingreso de los haberes jubilatorios y quitaron pensiones no contributivas a personas que las necesitaban. No puede ser que un trabajador no milite activamente casa por casa para contar lo que ellos quieren hacer: eliminar la indemnizaci\u00f3n por despido para promover trabajo esclavo\u201d. \u201cSe comprometieron a la pobreza cero y solamente la aumentaron. Dijeron que iban a hacer un plan Belgrano para llenar de obras el Norte Grande y lo \u00fanico que hicieron fue un programa de ajuste, exclusi\u00f3n y eliminaci\u00f3n del programa de viviendas que estaba formulado para llegar a todos y todas\u201d.<\/p><\/div>\n","protected":false},"excerpt":{"rendered":"<p>Capitanich llam\u00f3 a la ciudadan\u00eda a elegir la Lista 501. \u201cTodo el pueblo argentino y chaque\u00f1o sabe muy bien que son dos modelos en pugna. Uno que pretende someternos y \u00a0que resignemos nuestra soberan\u00eda a favor de los intereses extranjeros, y el nuestro, que genera empleo, reactivaci\u00f3n econ\u00f3mica y mejora del salario\u201d, expres\u00f3. El presidente [&hellip;]<\/p>\n","protected":false},"author":1,"featured_media":12665,"comment_status":"closed","ping_status":"closed","sticky":false,"template":"","format":"standard","meta":{"footnotes":""},"categories":[6],"tags":[],"class_list":{"0":"post-12664","1":"post","2":"type-post","3":"status-publish","4":"format-standard","5":"has-post-thumbnail","7":"category-chaco"},"_links":{"self":[{"href":"https:\/\/chacosintesis.com.ar\/index.php\/wp-json\/wp\/v2\/posts\/12664","targetHints":{"allow":["GET"]}}],"collection":[{"href":"https:\/\/chacosintesis.com.ar\/index.php\/wp-json\/wp\/v2\/posts"}],"about":[{"href":"https:\/\/chacosintesis.com.ar\/index.php\/wp-json\/wp\/v2\/types\/post"}],"author":[{"embeddable":true,"href":"https:\/\/chacosintesis.com.ar\/index.php\/wp-json\/wp\/v2\/users\/1"}],"replies":[{"embeddable":true,"href":"https:\/\/chacosintesis.com.ar\/index.php\/wp-json\/wp\/v2\/comments?post=12664"}],"version-history":[{"count":0,"href":"https:\/\/chacosintesis.com.ar\/index.php\/wp-json\/wp\/v2\/posts\/12664\/revisions"}],"wp:featuredmedia":[{"embeddable":true,"href":"https:\/\/chacosintesis.com.ar\/index.php\/wp-json\/wp\/v2\/media\/12665"}],"wp:attachment":[{"href":"https:\/\/chacosintesis.com.ar\/index.php\/wp-json\/wp\/v2\/media?parent=12664"}],"wp:term":[{"taxonomy":"category","embeddable":true,"href":"https:\/\/chacosintesis.com.ar\/index.php\/wp-json\/wp\/v2\/categories?post=12664"},{"taxonomy":"post_tag","embeddable":true,"href":"https:\/\/chacosintesis.com.ar\/index.php\/wp-json\/wp\/v2\/tags?post=12664"}],"curies":[{"name":"wp","href":"https:\/\/api.w.org\/{rel}","templated":true}]}}