{"id":12662,"date":"2021-11-04T22:44:22","date_gmt":"2021-11-05T01:44:22","guid":{"rendered":"https:\/\/chacosintesis.com.ar\/?p=12662"},"modified":"2021-11-04T23:07:13","modified_gmt":"2021-11-05T02:07:13","slug":"el-tiempo-alerta-naranja-por-tormentas-fuertes-o-severas","status":"publish","type":"post","link":"https:\/\/chacosintesis.com.ar\/index.php\/el-tiempo-alerta-naranja-por-tormentas-fuertes-o-severas\/","title":{"rendered":"El Tiempo: alerta naranja por tormentas fuertes o severas"},"content":{"rendered":"<div dir=\"ltr\">Distintos servicios meteorol\u00f3gicos pronostican tormentas fuertes y\/o severas para esta parte del pa\u00eds previstas para este viernes 5. El Servicio Meteorol\u00f3gico Nacional lanz\u00f3 un alerta naranja \u00a0por tormenta y asegura que el \u00e1rea ser\u00e1 afectada por tormentas fuertes o localmente severas, las cuales podr\u00e1n estar acompa\u00f1adas por muy fuertes r\u00e1fagas, abundante ca\u00edda de agua en cortos periodos, intensa actividad el\u00e9ctrica y granizo. Se esperan valores de precipitaci\u00f3n acumulada entre 50 y 80 mm, pudiendo ser superados de forma puntual.<\/p>\n<p>El fen\u00f3meno incluye a los departamentos chaque\u00f1os Chacabuco &#8211; Comandante Fern\u00e1ndez &#8211; Doce de Octubre &#8211; Dos de Abril &#8211; Fray Justo Santa Mar\u00eda de Oro &#8211; General Belgrano &#8211; Independencia &#8211; Libertador General San Mart\u00edn &#8211; Mayor Luis Jorge Fontana &#8211; Nueve de Julio &#8211; O&#39;Higgins &#8211; Presidencia de la Plaza &#8211; Quitilipi &#8211; San Lorenzo &#8211; Sargento Cabral &#8211; Tapenag\u00e1 &#8211; Veinticinco de Mayo.<\/p>\n<p>En tanto, El Tiempo de Resistencia y Corrientes informa que aire caluroso y h\u00famedo comienza a producir inestabilidad en el centro del pa\u00eds y comienza a desplazarse hacia el noreste. \u201cEn las \u00faltimas horas del jueves y primeras del viernes dicha inestabilidad har\u00e1 posible la formaci\u00f3n de \u00e1reas de lluvias y tormentas de variada intensidad. El sistema de mal tiempo ser\u00e1 generalizado en toda la regi\u00f3n dejando acumulados importantes especialmente en el \u00e1rea violeta durante el d\u00eda viernes\u201d, agrega el informe.<\/p>\n<p>En cuanto a las caracter\u00edsticas del fen\u00f3meno lanza una advertencia roja y otra violeta seg\u00fan la zona de esta parte del pa\u00eds. Advertencia roja: En esta \u00e1rea son probables tormentas fuertes, intensa actividad el\u00e9ctrica, con abundante ca\u00edda de agua en forma aislada, r\u00e1fagas de viento +50 km\/h y ocasional ca\u00edda de granizo peque\u00f1o y muy localizado.<\/p>\n<p>Caracter\u00edsticas de la advertencia violeta: La intensidad de los fen\u00f3menos pueden ser fuerte y\/o severos con abundante ca\u00edda de agua en cortos periodos, fuerte actividad el\u00e9ctrica, fuertes r\u00e1fagas de viento +90 km\/h y ocasional ca\u00edda de granizo peque\u00f1o a mediano.<\/p>\n<p>As\u00ed, se espera un marcado descenso de la temperatura, tras d\u00edas de intenso calor. Para este viernes se espera una m\u00ednima de 18\u00baC y una m\u00e1xima de 22\u00baC; mientras que para el s\u00e1bado se estima tiempo bueno con una m\u00ednima de 14\u00baC y una m\u00e1xima de 24\u00baC.<\/p>\n<div><\/div>\n<div><\/div>\n<\/div>\n","protected":false},"excerpt":{"rendered":"<p>Distintos servicios meteorol\u00f3gicos pronostican tormentas fuertes y\/o severas para esta parte del pa\u00eds previstas para este viernes 5. El Servicio Meteorol\u00f3gico Nacional lanz\u00f3 un alerta naranja \u00a0por tormenta y asegura que el \u00e1rea ser\u00e1 afectada por tormentas fuertes o localmente severas, las cuales podr\u00e1n estar acompa\u00f1adas por muy fuertes r\u00e1fagas, abundante ca\u00edda de agua en [&hellip;]<\/p>\n","protected":false},"author":1,"featured_media":12663,"comment_status":"closed","ping_status":"closed","sticky":false,"template":"","format":"standard","meta":{"footnotes":""},"categories":[6],"tags":[60],"class_list":{"0":"post-12662","1":"post","2":"type-post","3":"status-publish","4":"format-standard","5":"has-post-thumbnail","7":"category-chaco","8":"tag-featured"},"_links":{"self":[{"href":"https:\/\/chacosintesis.com.ar\/index.php\/wp-json\/wp\/v2\/posts\/12662","targetHints":{"allow":["GET"]}}],"collection":[{"href":"https:\/\/chacosintesis.com.ar\/index.php\/wp-json\/wp\/v2\/posts"}],"about":[{"href":"https:\/\/chacosintesis.com.ar\/index.php\/wp-json\/wp\/v2\/types\/post"}],"author":[{"embeddable":true,"href":"https:\/\/chacosintesis.com.ar\/index.php\/wp-json\/wp\/v2\/users\/1"}],"replies":[{"embeddable":true,"href":"https:\/\/chacosintesis.com.ar\/index.php\/wp-json\/wp\/v2\/comments?post=12662"}],"version-history":[{"count":0,"href":"https:\/\/chacosintesis.com.ar\/index.php\/wp-json\/wp\/v2\/posts\/12662\/revisions"}],"wp:featuredmedia":[{"embeddable":true,"href":"https:\/\/chacosintesis.com.ar\/index.php\/wp-json\/wp\/v2\/media\/12663"}],"wp:attachment":[{"href":"https:\/\/chacosintesis.com.ar\/index.php\/wp-json\/wp\/v2\/media?parent=12662"}],"wp:term":[{"taxonomy":"category","embeddable":true,"href":"https:\/\/chacosintesis.com.ar\/index.php\/wp-json\/wp\/v2\/categories?post=12662"},{"taxonomy":"post_tag","embeddable":true,"href":"https:\/\/chacosintesis.com.ar\/index.php\/wp-json\/wp\/v2\/tags?post=12662"}],"curies":[{"name":"wp","href":"https:\/\/api.w.org\/{rel}","templated":true}]}}