{"id":12644,"date":"2021-11-04T09:19:34","date_gmt":"2021-11-04T12:19:34","guid":{"rendered":"https:\/\/chacosintesis.com.ar\/?p=12644"},"modified":"2021-11-04T09:37:23","modified_gmt":"2021-11-04T12:37:23","slug":"chaco-en-alerta-amarilla-por-posibles-tormentas-para-este-jueves","status":"publish","type":"post","link":"https:\/\/chacosintesis.com.ar\/index.php\/chaco-en-alerta-amarilla-por-posibles-tormentas-para-este-jueves\/","title":{"rendered":"Chaco en alerta \u201camarilla\u201d por posibles tormentas para este jueves"},"content":{"rendered":"<div dir=\"ltr\">El Servicio Meteorol\u00f3gico Nacional proyecta un d\u00eda lluvioso para gran parte de la provincia en esta jornada de jueves, lo que podr\u00eda traer aparejadas algunas tormentas con fuertes vientos que perdurar\u00edan hasta el viernes.<\/p>\n<p>Minutos antes de las 6:00 de hoy, el SMN coloc\u00f3 a Chaco entre las provincias con \u201calerta amarilla\u201d, lo que avizora \u201cposibles fen\u00f3menos meteorol\u00f3gicos con capacidad de da\u00f1o y riesgo de interrupci\u00f3n moment\u00e1nea de actividades cotidianas\u201d. Al l\u00edmite con Santa Fe, el mapa se torna con una alerta \u201cnaranja\u201d, lo que implicar\u00eda potencialmente mayor intensidad de tormentas.<\/p>\n<p>Respecto del pron\u00f3stico extendido, para el d\u00eda de hoy en la capital provincial se prev\u00e9 una jornada de 35\u00b0 y 19\u00b0, con una ma\u00f1ana que iniciar\u00eda parcialmente nublada, y que para el transcurso de la tarde recibir\u00eda los primeros chaparrones con hasta 40% de posibilidades de lluvia. Para la noche, se pronostican tormentas fuertes con hasta 70% de posibilidades de lluvia.<\/p>\n<p>El viernes continuar\u00eda el mal tiempo, con tormentas fuertes desde la ma\u00f1ana hasta la tarde con hasta 70% de posibilidades de lluvia, algo que a la noche se reducir\u00eda a 40% con lluvias tenues, aunque con mayor presencia de vientos.<\/p>\n<div><\/div>\n<div><\/div>\n<\/div>\n","protected":false},"excerpt":{"rendered":"<p>El Servicio Meteorol\u00f3gico Nacional proyecta un d\u00eda lluvioso para gran parte de la provincia en esta jornada de jueves, lo que podr\u00eda traer aparejadas algunas tormentas con fuertes vientos que perdurar\u00edan hasta el viernes. Minutos antes de las 6:00 de hoy, el SMN coloc\u00f3 a Chaco entre las provincias con \u201calerta amarilla\u201d, lo que avizora [&hellip;]<\/p>\n","protected":false},"author":1,"featured_media":12645,"comment_status":"closed","ping_status":"closed","sticky":false,"template":"","format":"standard","meta":{"footnotes":""},"categories":[6],"tags":[60],"class_list":{"0":"post-12644","1":"post","2":"type-post","3":"status-publish","4":"format-standard","5":"has-post-thumbnail","7":"category-chaco","8":"tag-featured"},"_links":{"self":[{"href":"https:\/\/chacosintesis.com.ar\/index.php\/wp-json\/wp\/v2\/posts\/12644","targetHints":{"allow":["GET"]}}],"collection":[{"href":"https:\/\/chacosintesis.com.ar\/index.php\/wp-json\/wp\/v2\/posts"}],"about":[{"href":"https:\/\/chacosintesis.com.ar\/index.php\/wp-json\/wp\/v2\/types\/post"}],"author":[{"embeddable":true,"href":"https:\/\/chacosintesis.com.ar\/index.php\/wp-json\/wp\/v2\/users\/1"}],"replies":[{"embeddable":true,"href":"https:\/\/chacosintesis.com.ar\/index.php\/wp-json\/wp\/v2\/comments?post=12644"}],"version-history":[{"count":0,"href":"https:\/\/chacosintesis.com.ar\/index.php\/wp-json\/wp\/v2\/posts\/12644\/revisions"}],"wp:featuredmedia":[{"embeddable":true,"href":"https:\/\/chacosintesis.com.ar\/index.php\/wp-json\/wp\/v2\/media\/12645"}],"wp:attachment":[{"href":"https:\/\/chacosintesis.com.ar\/index.php\/wp-json\/wp\/v2\/media?parent=12644"}],"wp:term":[{"taxonomy":"category","embeddable":true,"href":"https:\/\/chacosintesis.com.ar\/index.php\/wp-json\/wp\/v2\/categories?post=12644"},{"taxonomy":"post_tag","embeddable":true,"href":"https:\/\/chacosintesis.com.ar\/index.php\/wp-json\/wp\/v2\/tags?post=12644"}],"curies":[{"name":"wp","href":"https:\/\/api.w.org\/{rel}","templated":true}]}}