{"id":12642,"date":"2021-11-04T09:18:08","date_gmt":"2021-11-04T12:18:08","guid":{"rendered":"https:\/\/chacosintesis.com.ar\/?p=12642"},"modified":"2021-11-04T09:37:23","modified_gmt":"2021-11-04T12:37:23","slug":"trabajamos-para-que-la-industria-del-conocimiento-sea-una-herramienta-clave-para-la-insercion-laboral-de-jovenes","status":"publish","type":"post","link":"https:\/\/chacosintesis.com.ar\/index.php\/trabajamos-para-que-la-industria-del-conocimiento-sea-una-herramienta-clave-para-la-insercion-laboral-de-jovenes\/","title":{"rendered":"\u201cTrabajamos para que la industria del conocimiento sea una herramienta clave para la inserci\u00f3n laboral de j\u00f3venes\u201d"},"content":{"rendered":"<div dir=\"ltr\">El gobernador brind\u00f3 un discurso de cierre para la jornada que busca difundir el desarrollo de software en la provincia del Chaco y fortalecer la econom\u00eda del conocimiento. \u201cTenemos una meta: lograr 20.000 trabajadores en la industria del conocimiento para el 2030, y vamos por muy buen camino\u201d, sostuvo.<\/p>\n<p>El gobernador Jorge Capitanich cerr\u00f3 esta noche el encuentro Chaco TEC, una jornada destinada a difundir el desarrollo de software en la provincia del Chaco y aplicar pol\u00edticas p\u00fablicas para el fortalecimiento de la econom\u00eda del conocimiento. \u201cTrabajamos para que la industria del conocimiento se convierta en una herramienta para la inserci\u00f3n laboral de j\u00f3venes\u201d, manifest\u00f3 el mandatario.<\/p>\n<p>En el Centro de Convenciones Gala, el evento tuvo por objetivo sensibilizar y vincular a estudiantes de programaci\u00f3n con las distintas empresas de la industria, generando espacios de fortalecimiento de capacidades para las personas que desean desempe\u00f1arse en desarrollo de software. Durante toda la jornada, se pudo disfrutar de diferentes paneles, videos y presentaciones vinculados al mundo tecnol\u00f3gico y digital. En este sentido, Capitanich sostuvo que \u201clo que nosotros hacemos es estimular la radicaci\u00f3n de estas inversiones, porque es una plataforma de base exportadora para la Argentina y el Chaco. Trabajamos para que la industria del conocimiento sea una herramienta clave para la inserci\u00f3n laboral de j\u00f3venes\u201d.<\/p>\n<p>Se trat\u00f3 de un espacio de aprendizaje pr\u00e1ctico, con clases innovadoras y creativas, que persiguen la inclusi\u00f3n social, digital y laboral a trav\u00e9s del empleo en empresas de la industria del software, o iniciando sus propios emprendimientos de base tecnol\u00f3gica. Los socios estrat\u00e9gicos para esta finalidad son el Gobierno provincial, la UTN, la UnCAus, el Polo IT y la empresa Globant. \u201cEl Chaco tiene m\u00e1s de 6.000 empleados en esta industria del conocimiento; una de las empresas l\u00edder en la Argentina, como lo es Globant; contamos con un polo tecnol\u00f3gico ejemplar en proceso de construcci\u00f3n; una interacci\u00f3n fluida con las universidades; y 16.000 j\u00f3venes preparados a lo largo de nuestros 69 municipios. Es decir, estamos recorriendo el camino correcto para reconvertir la econom\u00eda del conocimiento\u201d, coment\u00f3 el gobernador.<\/p>\n<p>En cuanto a la perspectiva de crecimiento de esta industria, el mandatario indic\u00f3 que \u201cpresenciamos una nueva perspectiva de selecci\u00f3n y formaci\u00f3n de talentos, algo que la provincia lo hace dentro de nuestro propio territorio. Tenemos una meta de lograr 20.000 trabajadores en la industria del conocimiento para el 2030, y vamos por muy buen camino.<\/p>\n<p>\u00a0<\/p>\n<p>Lifton: \u201cA\u00f1o de trabajo y articulaci\u00f3n\u201d<\/p>\n<p>A su vez, el ministro de Producci\u00f3n, Industria y Empleo, Sebasti\u00e1n Lifton, destac\u00f3 que el encuentro \u201ces el corolario de un a\u00f1o de trabajo y articulaci\u00f3n entre el sector p\u00fablico, privado, las universidades y los j\u00f3venes que van buscando formarse en esta industria. El intercambio de experiencias y actores diversos en lo que es la econom\u00eda del conocimiento ayuda a dimensionar el horizonte para este sector\u201d.<\/p>\n<p>El funcionario agreg\u00f3 que \u201cel entusiasmo de los j\u00f3venes demuestra una actitud proactiva para formar parte de este sector tan din\u00e1mico, pero a su vez tan requerido como inserci\u00f3n laboral. Las pol\u00edticas p\u00fablicas del Gobierno acompa\u00f1an este proceso, como por ejemplo a trav\u00e9s del parque tecnol\u00f3gico, o con el anuncio de que la empresa Globant generar\u00e1 1.000 nuevos puestos de trabajo en la provincia. Nosotros seguiremos trabajando en esto que es la captaci\u00f3n de talentos\u201d<\/p>\n<p>Por su parte, el presidente del Polo IT, Mart\u00edn Escudero, manifest\u00f3 que las expectativas del evento fueron superadas \u201ctanto por convocatoria, calidad y participantes, como as\u00ed tambi\u00e9n por las empresas\u201d. En esta l\u00ednea, agreg\u00f3 que \u201cnos llevamos la actitud de la gente, de los j\u00f3venes. Nos demuestran sus ganas de encontrar nuevos horizontes. Insistan, sean curiosos, investiguen, muestren qu\u00e9 son capaces de hacer, porque esto no tiene l\u00edmites\u201d.<\/p><\/div>\n","protected":false},"excerpt":{"rendered":"<p>El gobernador brind\u00f3 un discurso de cierre para la jornada que busca difundir el desarrollo de software en la provincia del Chaco y fortalecer la econom\u00eda del conocimiento. \u201cTenemos una meta: lograr 20.000 trabajadores en la industria del conocimiento para el 2030, y vamos por muy buen camino\u201d, sostuvo. El gobernador Jorge Capitanich cerr\u00f3 esta [&hellip;]<\/p>\n","protected":false},"author":1,"featured_media":12643,"comment_status":"closed","ping_status":"closed","sticky":false,"template":"","format":"standard","meta":{"footnotes":""},"categories":[6],"tags":[],"class_list":{"0":"post-12642","1":"post","2":"type-post","3":"status-publish","4":"format-standard","5":"has-post-thumbnail","7":"category-chaco"},"_links":{"self":[{"href":"https:\/\/chacosintesis.com.ar\/index.php\/wp-json\/wp\/v2\/posts\/12642","targetHints":{"allow":["GET"]}}],"collection":[{"href":"https:\/\/chacosintesis.com.ar\/index.php\/wp-json\/wp\/v2\/posts"}],"about":[{"href":"https:\/\/chacosintesis.com.ar\/index.php\/wp-json\/wp\/v2\/types\/post"}],"author":[{"embeddable":true,"href":"https:\/\/chacosintesis.com.ar\/index.php\/wp-json\/wp\/v2\/users\/1"}],"replies":[{"embeddable":true,"href":"https:\/\/chacosintesis.com.ar\/index.php\/wp-json\/wp\/v2\/comments?post=12642"}],"version-history":[{"count":0,"href":"https:\/\/chacosintesis.com.ar\/index.php\/wp-json\/wp\/v2\/posts\/12642\/revisions"}],"wp:featuredmedia":[{"embeddable":true,"href":"https:\/\/chacosintesis.com.ar\/index.php\/wp-json\/wp\/v2\/media\/12643"}],"wp:attachment":[{"href":"https:\/\/chacosintesis.com.ar\/index.php\/wp-json\/wp\/v2\/media?parent=12642"}],"wp:term":[{"taxonomy":"category","embeddable":true,"href":"https:\/\/chacosintesis.com.ar\/index.php\/wp-json\/wp\/v2\/categories?post=12642"},{"taxonomy":"post_tag","embeddable":true,"href":"https:\/\/chacosintesis.com.ar\/index.php\/wp-json\/wp\/v2\/tags?post=12642"}],"curies":[{"name":"wp","href":"https:\/\/api.w.org\/{rel}","templated":true}]}}