{"id":12640,"date":"2021-11-04T09:14:49","date_gmt":"2021-11-04T12:14:49","guid":{"rendered":"https:\/\/chacosintesis.com.ar\/?p=12640"},"modified":"2021-11-04T09:37:22","modified_gmt":"2021-11-04T12:37:22","slug":"insssep-medida-judicial-suspende-las-elecciones-de-vocales-y-sindicos-del-organismo","status":"publish","type":"post","link":"https:\/\/chacosintesis.com.ar\/index.php\/insssep-medida-judicial-suspende-las-elecciones-de-vocales-y-sindicos-del-organismo\/","title":{"rendered":"InSSSeP: medida judicial suspende las elecciones de vocales y s\u00edndicos del organismo"},"content":{"rendered":"<div dir=\"ltr\">La medida fue tomada por el juez Mart\u00edn Rafael Trotti, del Juzgado Civil y Comercial N\u00ba 20 hasta tanto se resuelva una acci\u00f3n de amparo interpuesta por un candidato a s\u00edndico perteneciente a la lista no oficializada &quot;SITECH &#8211; CTA AUT\u00d3NOMA&quot;.<\/p>\n<p>El Poder Judicial de la provincia del Chaco inform\u00f3 a la Junta Electoral del Instituto de Seguridad Social, Seguros y Pr\u00e9stamos de la provincia del Chaco (InSSSeP) que fueron suspendidas las elecciones de vocales y s\u00edndicos del Directorio del organismo, fijadas para este jueves 4 de noviembre.<\/p>\n<p>La decisi\u00f3n fue tomada por el juez Mart\u00edn Rafael Trotti, perteneciente al Juzgado Civil y Comercial 20, quien notific\u00f3 \u201cla suspensi\u00f3n de los efectos de la Resoluci\u00f3n N\u00ba 008 de fecha de la Junta Electoral del InSSSeP y del Acto Eleccionario para elegir vocales (activos y pasivos) y s\u00edndicos del Directorio del InSSSeP fijado para el d\u00eda 4 de noviembre del corriente\u201d.<\/p>\n<p>La medida fue tomada \u201chasta tanto se resuelva la acci\u00f3n de amparo interpuesta conjuntamente por Rub\u00e9n Dar\u00edo Ojeda, candidato a S\u00edndico por la Lista no oficializada \u201cSITECH \u2013 CTA AUT\u00d3NOMA\u201d.<\/p><\/div>\n","protected":false},"excerpt":{"rendered":"<p>La medida fue tomada por el juez Mart\u00edn Rafael Trotti, del Juzgado Civil y Comercial N\u00ba 20 hasta tanto se resuelva una acci\u00f3n de amparo interpuesta por un candidato a s\u00edndico perteneciente a la lista no oficializada &quot;SITECH &#8211; CTA AUT\u00d3NOMA&quot;. El Poder Judicial de la provincia del Chaco inform\u00f3 a la Junta Electoral del [&hellip;]<\/p>\n","protected":false},"author":1,"featured_media":12641,"comment_status":"closed","ping_status":"closed","sticky":false,"template":"","format":"standard","meta":{"footnotes":""},"categories":[6],"tags":[],"class_list":{"0":"post-12640","1":"post","2":"type-post","3":"status-publish","4":"format-standard","5":"has-post-thumbnail","7":"category-chaco"},"_links":{"self":[{"href":"https:\/\/chacosintesis.com.ar\/index.php\/wp-json\/wp\/v2\/posts\/12640","targetHints":{"allow":["GET"]}}],"collection":[{"href":"https:\/\/chacosintesis.com.ar\/index.php\/wp-json\/wp\/v2\/posts"}],"about":[{"href":"https:\/\/chacosintesis.com.ar\/index.php\/wp-json\/wp\/v2\/types\/post"}],"author":[{"embeddable":true,"href":"https:\/\/chacosintesis.com.ar\/index.php\/wp-json\/wp\/v2\/users\/1"}],"replies":[{"embeddable":true,"href":"https:\/\/chacosintesis.com.ar\/index.php\/wp-json\/wp\/v2\/comments?post=12640"}],"version-history":[{"count":0,"href":"https:\/\/chacosintesis.com.ar\/index.php\/wp-json\/wp\/v2\/posts\/12640\/revisions"}],"wp:featuredmedia":[{"embeddable":true,"href":"https:\/\/chacosintesis.com.ar\/index.php\/wp-json\/wp\/v2\/media\/12641"}],"wp:attachment":[{"href":"https:\/\/chacosintesis.com.ar\/index.php\/wp-json\/wp\/v2\/media?parent=12640"}],"wp:term":[{"taxonomy":"category","embeddable":true,"href":"https:\/\/chacosintesis.com.ar\/index.php\/wp-json\/wp\/v2\/categories?post=12640"},{"taxonomy":"post_tag","embeddable":true,"href":"https:\/\/chacosintesis.com.ar\/index.php\/wp-json\/wp\/v2\/tags?post=12640"}],"curies":[{"name":"wp","href":"https:\/\/api.w.org\/{rel}","templated":true}]}}