{"id":12628,"date":"2021-11-03T11:18:04","date_gmt":"2021-11-03T14:18:04","guid":{"rendered":"https:\/\/chacosintesis.com.ar\/?p=12628"},"modified":"2021-11-03T11:39:39","modified_gmt":"2021-11-03T14:39:39","slug":"sin-pacientes-graves-solo-hay-cuatro-personas-internadas-por-coronavirus-en-chaco","status":"publish","type":"post","link":"https:\/\/chacosintesis.com.ar\/index.php\/sin-pacientes-graves-solo-hay-cuatro-personas-internadas-por-coronavirus-en-chaco\/","title":{"rendered":"Sin pacientes graves, solo hay cuatro personas internadas por coronavirus en Chaco"},"content":{"rendered":"<div dir=\"ltr\">El Ministerio de Salud P\u00fablica de Chaco inform\u00f3 hoy que son solo cuatro las personas internadas por coronavirus en la provincia y que ninguno de ellos son pacientes que sean de gravedad. La cartera sanitaria detall\u00f3 que a la fecha son 50 los casos activos; 46 de ellos cursan la enfermedad de forma leve y cuatro de forma moderada que requieren internaci\u00f3n.<\/p>\n<p>La tasa de ocupaci\u00f3n de camas en UTI (unidad de terapia intensiva) COVID es del 0,7% en subsector p\u00fablico y 0% en subsector privado, mientras que, como se menciona anteriormente, no hay internados en asistencia respiratoria mec\u00e1nica.<\/p>\n<p>Adem\u00e1s se informo que, con los dos nuevos positivos reportados el martes \u00faltimo, hasta este mi\u00e9rcoles 3 son 100.494 los casos confirmados de COVID-19, de las cuales 98.158 personas ya recibieron el alta cl\u00ednica.<\/p>\n<p>Para reportar la aparici\u00f3n de s\u00edntomas como fiebre, junto con tos, dolor de garganta, p\u00e9rdida del gusto y del olfato, v\u00f3mitos, diarrea, dificultad para respirar, dolores musculares, rinitis o congesti\u00f3n nasal, que pueden ser se\u00f1al de coronavirus, deben llamar al 0800-444-0829. Adem\u00e1s, enviando @chaco salud al 362 4300002 pueden comunicarse con un operador para informar la situaci\u00f3n y recibir recomendaciones.<\/p>\n<p>Situaci\u00f3n epidemiol\u00f3gica<\/p>\n<p>Confirmados: 100.494<\/p>\n<p>Confirmados hoy: 2<\/p>\n<p>Fallecidos: 2.286<\/p>\n<p>Recuperados: 98.158<\/p>\n<p>Activos: 50<\/p>\n<p>Reportes: 479.317<\/p>\n<p>Descartados: 359.443<\/p>\n<p>Muestras analizadas: 581<\/p>\n<p>Leves: 46<\/p>\n<p>Moderados: 4<\/p>\n<p>Graves:0<\/p><\/div>\n","protected":false},"excerpt":{"rendered":"<p>El Ministerio de Salud P\u00fablica de Chaco inform\u00f3 hoy que son solo cuatro las personas internadas por coronavirus en la provincia y que ninguno de ellos son pacientes que sean de gravedad. La cartera sanitaria detall\u00f3 que a la fecha son 50 los casos activos; 46 de ellos cursan la enfermedad de forma leve y [&hellip;]<\/p>\n","protected":false},"author":1,"featured_media":12629,"comment_status":"closed","ping_status":"closed","sticky":false,"template":"","format":"standard","meta":{"footnotes":""},"categories":[6],"tags":[],"class_list":{"0":"post-12628","1":"post","2":"type-post","3":"status-publish","4":"format-standard","5":"has-post-thumbnail","7":"category-chaco"},"_links":{"self":[{"href":"https:\/\/chacosintesis.com.ar\/index.php\/wp-json\/wp\/v2\/posts\/12628","targetHints":{"allow":["GET"]}}],"collection":[{"href":"https:\/\/chacosintesis.com.ar\/index.php\/wp-json\/wp\/v2\/posts"}],"about":[{"href":"https:\/\/chacosintesis.com.ar\/index.php\/wp-json\/wp\/v2\/types\/post"}],"author":[{"embeddable":true,"href":"https:\/\/chacosintesis.com.ar\/index.php\/wp-json\/wp\/v2\/users\/1"}],"replies":[{"embeddable":true,"href":"https:\/\/chacosintesis.com.ar\/index.php\/wp-json\/wp\/v2\/comments?post=12628"}],"version-history":[{"count":0,"href":"https:\/\/chacosintesis.com.ar\/index.php\/wp-json\/wp\/v2\/posts\/12628\/revisions"}],"wp:featuredmedia":[{"embeddable":true,"href":"https:\/\/chacosintesis.com.ar\/index.php\/wp-json\/wp\/v2\/media\/12629"}],"wp:attachment":[{"href":"https:\/\/chacosintesis.com.ar\/index.php\/wp-json\/wp\/v2\/media?parent=12628"}],"wp:term":[{"taxonomy":"category","embeddable":true,"href":"https:\/\/chacosintesis.com.ar\/index.php\/wp-json\/wp\/v2\/categories?post=12628"},{"taxonomy":"post_tag","embeddable":true,"href":"https:\/\/chacosintesis.com.ar\/index.php\/wp-json\/wp\/v2\/tags?post=12628"}],"curies":[{"name":"wp","href":"https:\/\/api.w.org\/{rel}","templated":true}]}}