{"id":12615,"date":"2021-11-02T17:20:20","date_gmt":"2021-11-02T20:20:20","guid":{"rendered":"https:\/\/chacosintesis.com.ar\/?p=12615"},"modified":"2021-11-02T17:37:27","modified_gmt":"2021-11-02T20:37:27","slug":"mariela-quiros-quiero-debatir-propuestas-sobre-los-temas-que-preocupan-a-la-gente","status":"publish","type":"post","link":"https:\/\/chacosintesis.com.ar\/index.php\/mariela-quiros-quiero-debatir-propuestas-sobre-los-temas-que-preocupan-a-la-gente\/","title":{"rendered":"Mariela Quir\u00f3s: \u201cQuiero debatir propuestas sobre los temas que preocupan a la gente\u201d"},"content":{"rendered":"<div dir=\"ltr\">La candidata a diputada provincial participar\u00e1 este martes 2 de noviembre del segundo debate pre-electoral establecido por la Ley 2113-Q en el marco de las elecciones generales del pr\u00f3ximo 14 de noviembre. El debate iniciar\u00e1 a las 21 y ser\u00e1 transmitido en vivo por las pantallas de Chaco TV y Canal 9.<\/p>\n<p>La primera candidata a diputada provincial por el Frente de Todos, Mariela Quir\u00f3s, se mostr\u00f3 entusiasmada por su participaci\u00f3n en el debate pre electoral que se realizar\u00e1 esta noche a las 21. A trav\u00e9s de las pantallas de Chaco TV y Canal 9, Quir\u00f3s debatir\u00e1 con las y los candidatos de las dem\u00e1s listas sobre empleo y promoci\u00f3n social, educaci\u00f3n y salud, e infraestructura y viviendas, que son los ejes establecidos para este encuentro.<\/p>\n<p>\u201cEl debate es una oportunidad democr\u00e1tica y plural que nos permite exponer a las chaque\u00f1as y chaque\u00f1os qu\u00e9 estamos haciendo para brindarles una mejor calidad de vida, y c\u00f3mo vamos a afianzar ese trabajo desde la C\u00e1mara de Diputados. Espero que podamos discutir ideas y propuestas con los dem\u00e1s candidatos y candidatas sobre los temas que preocupan a la gente, hablar con datos de la realidad\u201d, se\u00f1al\u00f3 Quir\u00f3s.<\/p>\n<p>La candidata participar\u00e1 este martes 2 de noviembre del segundo debate pre-electoral establecido por la Ley 2113-Q en el marco de las elecciones generales del pr\u00f3ximo 14 de noviembre. El debate iniciar\u00e1 a las 21 y ser\u00e1 transmitido en vivo por las pantallas de Chaco TV y Canal 9 de nuestra provincia.<\/p>\n<p>\u201cEs fundamental para nosotros remarcar y reforzar las medidas de recuperaci\u00f3n y reactivaci\u00f3n de cada sector y seguir construyendo el Chaco que queremos\u201d, agreg\u00f3.<\/p>\n<p>Por otra parte, la candidata invit\u00f3 a todas las chaque\u00f1as y chaque\u00f1os \u201ca ser testigos de un momento democr\u00e1tico, que nos permite avanzar como sociedad\u201d.<\/p>\n<p>El Tribunal Electoral de la provincia del Chaco, a trav\u00e9s de la Resoluci\u00f3n N\u00ba 121\/21 asign\u00f3 la transmisi\u00f3n del debate p\u00fablico a Canal Nueve Imagen del Nordeste TV Resistencia S.A, en el marco de la Ley provincial N\u00b0 2113-Q que establece la obligatoriedad de los debates en vivo. Tambi\u00e9n fue aprobado el reglamento que regir\u00e1 el debate por Resoluci\u00f3n N\u00b0 113\/21.<\/p><\/div>\n","protected":false},"excerpt":{"rendered":"<p>La candidata a diputada provincial participar\u00e1 este martes 2 de noviembre del segundo debate pre-electoral establecido por la Ley 2113-Q en el marco de las elecciones generales del pr\u00f3ximo 14 de noviembre. El debate iniciar\u00e1 a las 21 y ser\u00e1 transmitido en vivo por las pantallas de Chaco TV y Canal 9. La primera candidata [&hellip;]<\/p>\n","protected":false},"author":1,"featured_media":12616,"comment_status":"closed","ping_status":"closed","sticky":false,"template":"","format":"standard","meta":{"footnotes":""},"categories":[6],"tags":[],"class_list":{"0":"post-12615","1":"post","2":"type-post","3":"status-publish","4":"format-standard","5":"has-post-thumbnail","7":"category-chaco"},"_links":{"self":[{"href":"https:\/\/chacosintesis.com.ar\/index.php\/wp-json\/wp\/v2\/posts\/12615","targetHints":{"allow":["GET"]}}],"collection":[{"href":"https:\/\/chacosintesis.com.ar\/index.php\/wp-json\/wp\/v2\/posts"}],"about":[{"href":"https:\/\/chacosintesis.com.ar\/index.php\/wp-json\/wp\/v2\/types\/post"}],"author":[{"embeddable":true,"href":"https:\/\/chacosintesis.com.ar\/index.php\/wp-json\/wp\/v2\/users\/1"}],"replies":[{"embeddable":true,"href":"https:\/\/chacosintesis.com.ar\/index.php\/wp-json\/wp\/v2\/comments?post=12615"}],"version-history":[{"count":0,"href":"https:\/\/chacosintesis.com.ar\/index.php\/wp-json\/wp\/v2\/posts\/12615\/revisions"}],"wp:featuredmedia":[{"embeddable":true,"href":"https:\/\/chacosintesis.com.ar\/index.php\/wp-json\/wp\/v2\/media\/12616"}],"wp:attachment":[{"href":"https:\/\/chacosintesis.com.ar\/index.php\/wp-json\/wp\/v2\/media?parent=12615"}],"wp:term":[{"taxonomy":"category","embeddable":true,"href":"https:\/\/chacosintesis.com.ar\/index.php\/wp-json\/wp\/v2\/categories?post=12615"},{"taxonomy":"post_tag","embeddable":true,"href":"https:\/\/chacosintesis.com.ar\/index.php\/wp-json\/wp\/v2\/tags?post=12615"}],"curies":[{"name":"wp","href":"https:\/\/api.w.org\/{rel}","templated":true}]}}