{"id":12610,"date":"2021-11-02T10:35:44","date_gmt":"2021-11-02T13:35:44","guid":{"rendered":"https:\/\/chacosintesis.com.ar\/?p=12610"},"modified":"2021-11-02T10:37:49","modified_gmt":"2021-11-02T13:37:49","slug":"spoljaric-acompano-la-multitudinaria-fiesta-de-cierre-del-mes-de-la-madre-en-saenz-pena","status":"publish","type":"post","link":"https:\/\/chacosintesis.com.ar\/index.php\/spoljaric-acompano-la-multitudinaria-fiesta-de-cierre-del-mes-de-la-madre-en-saenz-pena\/","title":{"rendered":"Spoljaric acompa\u00f1\u00f3 la multitudinaria fiesta de cierre del mes de la madre en S\u00e1enz Pe\u00f1a"},"content":{"rendered":"<div dir=\"ltr\">Una gran multitud se reuni\u00f3 en el barrio obrero de la ciudad Termal en el cierre del mes de la madre que incluy\u00f3 una gran fiesta para toda la familia con la participaci\u00f3n de grupos musicales y una jornada de zumba.<br \/>La diputada provincial y candidata a renovar su banca por el Frente de todos con la lista 501, particip\u00f3 del gran acto de cierre del mes de la madre que se llev\u00f3 a cabo en S\u00e1enz Pe\u00f1a con una amplia convocatoria. <\/p>\n<p>El domingo, una gran multitud se reuni\u00f3 en el barrio obrero de la ciudad Termal en el cierre del mes de la madre que incluy\u00f3 una gran fiesta para toda la familia con la participaci\u00f3n de grupos musicales y una jornada de zumba.<\/p>\n<p>En esta oportunidad, la legisladora estuvo acompa\u00f1ada del candidato a diputado nacional Juan Manuel Pedrini, donde disfrutaron de la gran fiesta junto a los vecinos y pidieron su apoyo a la lista 501 de cara a las elecciones generales del 14 de noviembre.<\/p>\n<p>\u201cPedimos que nos acompa\u00f1en con su voto de confianza a este proyecto pol\u00edtico que busca el crecimiento de todos los chaque\u00f1os, donde en este \u00faltimo tiempo afianzamos el acercamiento al vecino, escuchando sus necesidades y demandas que buscamos resolver con pol\u00edticas p\u00fablicas a trav\u00e9s de la C\u00e1mara de diputados\u201d, manifest\u00f3 Spoljaric.<\/p>\n<p>Adem\u00e1s, agradeci\u00f3 a los saenzpe\u00f1enses la predisposici\u00f3n al di\u00e1logo \u00a0\u201cse vio mucha participaci\u00f3n activa de los vecinos y se gener\u00f3 un espacio de di\u00e1logo que se logra caminando la provincia como lo estamos haciendo y queremos brindarles respuestas con acciones concretas, por eso pedimos su respaldo para el pr\u00f3ximo 14 de noviembre\u201d finaliz\u00f3 la diputada.<\/p>\n<p>Tambi\u00e9n acompa\u00f1aron la jornada, el ex diputado mandato cumplido Ricardo S\u00e1nchez, Hugo Lisboa y referentes del circuito 89.<br class=\"gmail-Apple-interchange-newline\"><\/div>\n","protected":false},"excerpt":{"rendered":"<p>Una gran multitud se reuni\u00f3 en el barrio obrero de la ciudad Termal en el cierre del mes de la madre que incluy\u00f3 una gran fiesta para toda la familia con la participaci\u00f3n de grupos musicales y una jornada de zumba.La diputada provincial y candidata a renovar su banca por el Frente de todos con [&hellip;]<\/p>\n","protected":false},"author":1,"featured_media":12611,"comment_status":"closed","ping_status":"closed","sticky":false,"template":"","format":"standard","meta":{"footnotes":""},"categories":[6],"tags":[],"class_list":{"0":"post-12610","1":"post","2":"type-post","3":"status-publish","4":"format-standard","5":"has-post-thumbnail","7":"category-chaco"},"_links":{"self":[{"href":"https:\/\/chacosintesis.com.ar\/index.php\/wp-json\/wp\/v2\/posts\/12610","targetHints":{"allow":["GET"]}}],"collection":[{"href":"https:\/\/chacosintesis.com.ar\/index.php\/wp-json\/wp\/v2\/posts"}],"about":[{"href":"https:\/\/chacosintesis.com.ar\/index.php\/wp-json\/wp\/v2\/types\/post"}],"author":[{"embeddable":true,"href":"https:\/\/chacosintesis.com.ar\/index.php\/wp-json\/wp\/v2\/users\/1"}],"replies":[{"embeddable":true,"href":"https:\/\/chacosintesis.com.ar\/index.php\/wp-json\/wp\/v2\/comments?post=12610"}],"version-history":[{"count":0,"href":"https:\/\/chacosintesis.com.ar\/index.php\/wp-json\/wp\/v2\/posts\/12610\/revisions"}],"wp:featuredmedia":[{"embeddable":true,"href":"https:\/\/chacosintesis.com.ar\/index.php\/wp-json\/wp\/v2\/media\/12611"}],"wp:attachment":[{"href":"https:\/\/chacosintesis.com.ar\/index.php\/wp-json\/wp\/v2\/media?parent=12610"}],"wp:term":[{"taxonomy":"category","embeddable":true,"href":"https:\/\/chacosintesis.com.ar\/index.php\/wp-json\/wp\/v2\/categories?post=12610"},{"taxonomy":"post_tag","embeddable":true,"href":"https:\/\/chacosintesis.com.ar\/index.php\/wp-json\/wp\/v2\/tags?post=12610"}],"curies":[{"name":"wp","href":"https:\/\/api.w.org\/{rel}","templated":true}]}}