{"id":12604,"date":"2021-11-02T10:17:14","date_gmt":"2021-11-02T13:17:14","guid":{"rendered":"https:\/\/chacosintesis.com.ar\/?p=12604"},"modified":"2021-11-02T10:37:47","modified_gmt":"2021-11-02T13:37:47","slug":"casi-una-tragedia-un-camion-del-ejercito-se-estrello-contra-un-comercio-de-barranqueras","status":"publish","type":"post","link":"https:\/\/chacosintesis.com.ar\/index.php\/casi-una-tragedia-un-camion-del-ejercito-se-estrello-contra-un-comercio-de-barranqueras\/","title":{"rendered":"Casi una tragedia: un cami\u00f3n del ej\u00e9rcito se estrell\u00f3 contra un comercio de Barranqueras"},"content":{"rendered":"<div dir=\"ltr\">Cerca de las 7:30 de este martes, un cami\u00f3n perteneciente al Ej\u00e9rcito Argentino fue protagonista de un grave siniestro en la zona de avenidas San Mart\u00edn y Asunci\u00f3n, en la localidad de Barranqueras.<\/p>\n<p>Desde la Polic\u00eda informaron que el cami\u00f3n \u201cReo Bug M35\u201d era piloteado por el cabo primero Walter David Moscala de 31 a\u00f1os, quien habr\u00eda perdido el control del veh\u00edculo y choc\u00f3 contra un sem\u00e1foro, un cesto de basura, carteles y la estructura de una fiambrer\u00eda.<\/p>\n<p>En principio, los oficiales no reportaron heridos, sin embargo, s\u00ed se habr\u00edan concretados da\u00f1os materiales en la v\u00eda p\u00fablica. Adem\u00e1s, se\u00f1alaron que el hecho se encuentra en investigaci\u00f3n, a fin de esclarecer los motivos.<\/p><\/div>\n","protected":false},"excerpt":{"rendered":"<p>Cerca de las 7:30 de este martes, un cami\u00f3n perteneciente al Ej\u00e9rcito Argentino fue protagonista de un grave siniestro en la zona de avenidas San Mart\u00edn y Asunci\u00f3n, en la localidad de Barranqueras. Desde la Polic\u00eda informaron que el cami\u00f3n \u201cReo Bug M35\u201d era piloteado por el cabo primero Walter David Moscala de 31 a\u00f1os, [&hellip;]<\/p>\n","protected":false},"author":1,"featured_media":12605,"comment_status":"closed","ping_status":"closed","sticky":false,"template":"","format":"standard","meta":{"footnotes":""},"categories":[6],"tags":[],"class_list":{"0":"post-12604","1":"post","2":"type-post","3":"status-publish","4":"format-standard","5":"has-post-thumbnail","7":"category-chaco"},"_links":{"self":[{"href":"https:\/\/chacosintesis.com.ar\/index.php\/wp-json\/wp\/v2\/posts\/12604","targetHints":{"allow":["GET"]}}],"collection":[{"href":"https:\/\/chacosintesis.com.ar\/index.php\/wp-json\/wp\/v2\/posts"}],"about":[{"href":"https:\/\/chacosintesis.com.ar\/index.php\/wp-json\/wp\/v2\/types\/post"}],"author":[{"embeddable":true,"href":"https:\/\/chacosintesis.com.ar\/index.php\/wp-json\/wp\/v2\/users\/1"}],"replies":[{"embeddable":true,"href":"https:\/\/chacosintesis.com.ar\/index.php\/wp-json\/wp\/v2\/comments?post=12604"}],"version-history":[{"count":0,"href":"https:\/\/chacosintesis.com.ar\/index.php\/wp-json\/wp\/v2\/posts\/12604\/revisions"}],"wp:featuredmedia":[{"embeddable":true,"href":"https:\/\/chacosintesis.com.ar\/index.php\/wp-json\/wp\/v2\/media\/12605"}],"wp:attachment":[{"href":"https:\/\/chacosintesis.com.ar\/index.php\/wp-json\/wp\/v2\/media?parent=12604"}],"wp:term":[{"taxonomy":"category","embeddable":true,"href":"https:\/\/chacosintesis.com.ar\/index.php\/wp-json\/wp\/v2\/categories?post=12604"},{"taxonomy":"post_tag","embeddable":true,"href":"https:\/\/chacosintesis.com.ar\/index.php\/wp-json\/wp\/v2\/tags?post=12604"}],"curies":[{"name":"wp","href":"https:\/\/api.w.org\/{rel}","templated":true}]}}