{"id":12602,"date":"2021-11-02T10:14:42","date_gmt":"2021-11-02T13:14:42","guid":{"rendered":"https:\/\/chacosintesis.com.ar\/?p=12602"},"modified":"2021-11-02T10:37:45","modified_gmt":"2021-11-02T13:37:45","slug":"la-feligresia-catolica-honra-a-sus-fieles-difuntos","status":"publish","type":"post","link":"https:\/\/chacosintesis.com.ar\/index.php\/la-feligresia-catolica-honra-a-sus-fieles-difuntos\/","title":{"rendered":"La feligres\u00eda cat\u00f3lica honra a sus fieles difuntos"},"content":{"rendered":"<div dir=\"ltr\">Misas en capillas, parroquias y el cementerio se suceder\u00e1n a lo largo del d\u00eda. Asueto en los tres poderes del Estado y sin clases.<\/p>\n<p>La comunidad cat\u00f3lica conmemora este martes el D\u00eda de los Fieles Difuntos, ocasi\u00f3n en la que tambi\u00e9n se homenajear\u00e1 a quienes fallecieron producto de la Covid y como es costumbre el recuerdo se vivir\u00e1 en misas que se realizar\u00e1n en parroquias, capillas y cementerios.<\/p>\n<p>En el caso de la capital chaque\u00f1a, los oficios religiosos tienen lugar en el cementerio San Francisco Solano a las 9 y a las 17, la primera estar\u00e1 al frente Walter Aquino y la \u00faltima ser\u00e1 encabezada por el obispo Ram\u00f3n Dus.<\/p>\n<p>En la necr\u00f3polis de Barranqueras, la misa se celebra desde las 17 mientras que en Fontana las ceremonias ser\u00e1n a las 8 y a las 17.<\/p>\n<p>ASUETO<\/p>\n<p>Este martes a diferencia de lo acontecido ayer, la actividad en la esfera p\u00fablica ser\u00e1 mucho m\u00e1s reducido, porque el asueto se extender\u00e1 al Poder Judicial, la Legislatura y el \u00e1mbito municipal. Adem\u00e1s, no habr\u00e1 clases.<\/p>\n<p>En el inicio de la semana la jornada no laborable alcanz\u00f3 a la administraci\u00f3n central, en virtud de la decisi\u00f3n del Gobierno por el D\u00eda del Empleado P\u00fablico, que fue el domingo 31.<\/p>\n<p>DIARIO NORTE.-<\/p>\n<div><\/div>\n<div><\/div>\n<\/div>\n","protected":false},"excerpt":{"rendered":"<p>Misas en capillas, parroquias y el cementerio se suceder\u00e1n a lo largo del d\u00eda. Asueto en los tres poderes del Estado y sin clases. La comunidad cat\u00f3lica conmemora este martes el D\u00eda de los Fieles Difuntos, ocasi\u00f3n en la que tambi\u00e9n se homenajear\u00e1 a quienes fallecieron producto de la Covid y como es costumbre el [&hellip;]<\/p>\n","protected":false},"author":1,"featured_media":12603,"comment_status":"closed","ping_status":"closed","sticky":false,"template":"","format":"standard","meta":{"footnotes":""},"categories":[6],"tags":[60],"class_list":{"0":"post-12602","1":"post","2":"type-post","3":"status-publish","4":"format-standard","5":"has-post-thumbnail","7":"category-chaco","8":"tag-featured"},"_links":{"self":[{"href":"https:\/\/chacosintesis.com.ar\/index.php\/wp-json\/wp\/v2\/posts\/12602","targetHints":{"allow":["GET"]}}],"collection":[{"href":"https:\/\/chacosintesis.com.ar\/index.php\/wp-json\/wp\/v2\/posts"}],"about":[{"href":"https:\/\/chacosintesis.com.ar\/index.php\/wp-json\/wp\/v2\/types\/post"}],"author":[{"embeddable":true,"href":"https:\/\/chacosintesis.com.ar\/index.php\/wp-json\/wp\/v2\/users\/1"}],"replies":[{"embeddable":true,"href":"https:\/\/chacosintesis.com.ar\/index.php\/wp-json\/wp\/v2\/comments?post=12602"}],"version-history":[{"count":0,"href":"https:\/\/chacosintesis.com.ar\/index.php\/wp-json\/wp\/v2\/posts\/12602\/revisions"}],"wp:featuredmedia":[{"embeddable":true,"href":"https:\/\/chacosintesis.com.ar\/index.php\/wp-json\/wp\/v2\/media\/12603"}],"wp:attachment":[{"href":"https:\/\/chacosintesis.com.ar\/index.php\/wp-json\/wp\/v2\/media?parent=12602"}],"wp:term":[{"taxonomy":"category","embeddable":true,"href":"https:\/\/chacosintesis.com.ar\/index.php\/wp-json\/wp\/v2\/categories?post=12602"},{"taxonomy":"post_tag","embeddable":true,"href":"https:\/\/chacosintesis.com.ar\/index.php\/wp-json\/wp\/v2\/tags?post=12602"}],"curies":[{"name":"wp","href":"https:\/\/api.w.org\/{rel}","templated":true}]}}