{"id":12590,"date":"2021-11-01T18:39:33","date_gmt":"2021-11-01T21:39:33","guid":{"rendered":"https:\/\/chacosintesis.com.ar\/?p=12590"},"modified":"2021-11-01T19:08:30","modified_gmt":"2021-11-01T22:08:30","slug":"patricia-bullrich-chaco-cambia-es-la-fuerza-del-trabajo-la-salud-la-educacion-el-orden-y-la-seguridad","status":"publish","type":"post","link":"https:\/\/chacosintesis.com.ar\/index.php\/patricia-bullrich-chaco-cambia-es-la-fuerza-del-trabajo-la-salud-la-educacion-el-orden-y-la-seguridad\/","title":{"rendered":"Patricia Bullrich: &#8220;Chaco Cambia es la fuerza del trabajo, la salud, la educaci\u00f3n, el orden y la seguridad&#8221;"},"content":{"rendered":"<div dir=\"ltr\">La presidente del PRO Nacional, Patricia Bullrich visit\u00f3 la provincia del Chaco para expresar su acompa\u00f1amiento a los candidatos de Chaco Cambia + Juntos por el Cambio Lista 503 que encabezar Juan Carlos Polini como candidato a diputado nacional y Leandro Zdero a diputado provincial. Fue recibida por la presidente de PRO Chaco, la candidata a diputada nacional Maril\u00fa Quiroz y dirigentes de la coalici\u00f3n partidaria.<\/p>\n<p>Bullrich expres\u00f3 su expectativa sobre los comicios del 14 de noviembre \u201cEl 12 de septiembre hemos ganado en la provincia del Chaco y este 14 volveremos a ganar, porque Chaco Cambia Lista 503 representa la fuerza del trabajo, el progreso, la educaci\u00f3n, la salud, el orden y la seguridad, representa el combate al delito y el narcotr\u00e1fico, \u00a0son nuestras banderas que llevamos a lo largo y ancho del pa\u00eds y ac\u00e1 en Chaco en cada ciudad y en cada pueblo\u201d<\/p>\n<p>\u201cEstoy convencida de que lograremos dos \u00a0bancas nacionales por el Chaco para aportar a un gran bloque nacional y en la Legislatura provincial tambi\u00e9n esperamos mayor \u00a0representaci\u00f3n para lograr los cambios que necesitan los chaque\u00f1os\u201d<\/p>\n<p>Y pidi\u00f3 a los chaque\u00f1os ir a votar el pr\u00f3ximo 14 de noviembre \u201cNo es una elecci\u00f3n m\u00e1s, les pido que hagan un esfuerzo, igual a los presidentes de mesa y fiscales, necesitamos que todos est\u00e9n ese d\u00eda\u201d<\/p>\n<p>Segundo acueducto<\/p>\n<p>En su visita a la provincia Bullrich recorri\u00f3 la obra de la toma del segundo acueducto \u201cEs una obra importante que ya tiene financiamiento, se debe terminar porque los chaque\u00f1os necesitan agua, es una cuesti\u00f3n b\u00e1sica para la calidad de vida de las familias, agua es salud, agua es progreso, agua es vida\u201d <\/p><\/div>\n","protected":false},"excerpt":{"rendered":"<p>La presidente del PRO Nacional, Patricia Bullrich visit\u00f3 la provincia del Chaco para expresar su acompa\u00f1amiento a los candidatos de Chaco Cambia + Juntos por el Cambio Lista 503 que encabezar Juan Carlos Polini como candidato a diputado nacional y Leandro Zdero a diputado provincial. Fue recibida por la presidente de PRO Chaco, la candidata [&hellip;]<\/p>\n","protected":false},"author":1,"featured_media":12591,"comment_status":"closed","ping_status":"closed","sticky":false,"template":"","format":"standard","meta":{"footnotes":""},"categories":[6],"tags":[],"class_list":{"0":"post-12590","1":"post","2":"type-post","3":"status-publish","4":"format-standard","5":"has-post-thumbnail","7":"category-chaco"},"_links":{"self":[{"href":"https:\/\/chacosintesis.com.ar\/index.php\/wp-json\/wp\/v2\/posts\/12590","targetHints":{"allow":["GET"]}}],"collection":[{"href":"https:\/\/chacosintesis.com.ar\/index.php\/wp-json\/wp\/v2\/posts"}],"about":[{"href":"https:\/\/chacosintesis.com.ar\/index.php\/wp-json\/wp\/v2\/types\/post"}],"author":[{"embeddable":true,"href":"https:\/\/chacosintesis.com.ar\/index.php\/wp-json\/wp\/v2\/users\/1"}],"replies":[{"embeddable":true,"href":"https:\/\/chacosintesis.com.ar\/index.php\/wp-json\/wp\/v2\/comments?post=12590"}],"version-history":[{"count":0,"href":"https:\/\/chacosintesis.com.ar\/index.php\/wp-json\/wp\/v2\/posts\/12590\/revisions"}],"wp:featuredmedia":[{"embeddable":true,"href":"https:\/\/chacosintesis.com.ar\/index.php\/wp-json\/wp\/v2\/media\/12591"}],"wp:attachment":[{"href":"https:\/\/chacosintesis.com.ar\/index.php\/wp-json\/wp\/v2\/media?parent=12590"}],"wp:term":[{"taxonomy":"category","embeddable":true,"href":"https:\/\/chacosintesis.com.ar\/index.php\/wp-json\/wp\/v2\/categories?post=12590"},{"taxonomy":"post_tag","embeddable":true,"href":"https:\/\/chacosintesis.com.ar\/index.php\/wp-json\/wp\/v2\/tags?post=12590"}],"curies":[{"name":"wp","href":"https:\/\/api.w.org\/{rel}","templated":true}]}}