{"id":12588,"date":"2021-11-01T11:05:04","date_gmt":"2021-11-01T14:05:04","guid":{"rendered":"https:\/\/chacosintesis.com.ar\/?p=12588"},"modified":"2021-11-01T11:06:58","modified_gmt":"2021-11-01T14:06:58","slug":"patricia-bullrich-llega-hoy-al-chaco-para-acompanar-a-los-candidatos-de-chaco-cambia-lista-503","status":"publish","type":"post","link":"https:\/\/chacosintesis.com.ar\/index.php\/patricia-bullrich-llega-hoy-al-chaco-para-acompanar-a-los-candidatos-de-chaco-cambia-lista-503\/","title":{"rendered":"Patricia Bullrich llega hoy al Chaco para acompa\u00f1ar a los candidatos de Chaco Cambia Lista 503"},"content":{"rendered":"<div dir=\"ltr\">La presidenta del PRO nacional, Patricia Bullrich, \u00a0arribar\u00e1 este lunes 1 de noviembre a Resistencia para expresar su acompa\u00f1amiento a los candidatos de Chaco Cambia + Juntos por el Cambio, Lista 503, encabezados por Juan Carlos Polini como candidato a diputado \u00a0nacional y Leandro Zdero a diputado provincial.\u00a0 Tras su llegada, mantendr\u00e1 contacto con los candidatos y dirigentes de la alianza electoral como as\u00ed tambi\u00e9n con \u00a0medios de comunicaci\u00f3n. \u00a0<\/p>\n<p>Al respecto remarcaron la importancia de la visita \u201cPara quienes integramos Chaco Cambia + Juntos por el Cambio, Lista 503, \u00a0es muy importante \u00a0el acompa\u00f1amiento de Patricia Bullrich porque es una de las dirigentes m\u00e1s importantes del pa\u00eds y una militante de los principios republicanos, algo que los argentinos necesitamos recuperar si pretendemos ser una Naci\u00f3n que mire hacia delante y no hacia atr\u00e1s como ocurre hoy\u201d<\/p><\/div>\n","protected":false},"excerpt":{"rendered":"<p>La presidenta del PRO nacional, Patricia Bullrich, \u00a0arribar\u00e1 este lunes 1 de noviembre a Resistencia para expresar su acompa\u00f1amiento a los candidatos de Chaco Cambia + Juntos por el Cambio, Lista 503, encabezados por Juan Carlos Polini como candidato a diputado \u00a0nacional y Leandro Zdero a diputado provincial.\u00a0 Tras su llegada, mantendr\u00e1 contacto con los [&hellip;]<\/p>\n","protected":false},"author":1,"featured_media":12589,"comment_status":"closed","ping_status":"closed","sticky":false,"template":"","format":"standard","meta":{"footnotes":""},"categories":[6],"tags":[],"class_list":{"0":"post-12588","1":"post","2":"type-post","3":"status-publish","4":"format-standard","5":"has-post-thumbnail","7":"category-chaco"},"_links":{"self":[{"href":"https:\/\/chacosintesis.com.ar\/index.php\/wp-json\/wp\/v2\/posts\/12588","targetHints":{"allow":["GET"]}}],"collection":[{"href":"https:\/\/chacosintesis.com.ar\/index.php\/wp-json\/wp\/v2\/posts"}],"about":[{"href":"https:\/\/chacosintesis.com.ar\/index.php\/wp-json\/wp\/v2\/types\/post"}],"author":[{"embeddable":true,"href":"https:\/\/chacosintesis.com.ar\/index.php\/wp-json\/wp\/v2\/users\/1"}],"replies":[{"embeddable":true,"href":"https:\/\/chacosintesis.com.ar\/index.php\/wp-json\/wp\/v2\/comments?post=12588"}],"version-history":[{"count":0,"href":"https:\/\/chacosintesis.com.ar\/index.php\/wp-json\/wp\/v2\/posts\/12588\/revisions"}],"wp:featuredmedia":[{"embeddable":true,"href":"https:\/\/chacosintesis.com.ar\/index.php\/wp-json\/wp\/v2\/media\/12589"}],"wp:attachment":[{"href":"https:\/\/chacosintesis.com.ar\/index.php\/wp-json\/wp\/v2\/media?parent=12588"}],"wp:term":[{"taxonomy":"category","embeddable":true,"href":"https:\/\/chacosintesis.com.ar\/index.php\/wp-json\/wp\/v2\/categories?post=12588"},{"taxonomy":"post_tag","embeddable":true,"href":"https:\/\/chacosintesis.com.ar\/index.php\/wp-json\/wp\/v2\/tags?post=12588"}],"curies":[{"name":"wp","href":"https:\/\/api.w.org\/{rel}","templated":true}]}}