{"id":12586,"date":"2021-11-01T10:54:56","date_gmt":"2021-11-01T13:54:56","guid":{"rendered":"https:\/\/chacosintesis.com.ar\/?p=12586"},"modified":"2021-11-01T10:56:08","modified_gmt":"2021-11-01T13:56:08","slug":"resistencia-volco-un-karting-en-la-pista-que-se-armo-alrededor-de-la-plaza-25-de-mayo-el-video","status":"publish","type":"post","link":"https:\/\/chacosintesis.com.ar\/index.php\/resistencia-volco-un-karting-en-la-pista-que-se-armo-alrededor-de-la-plaza-25-de-mayo-el-video\/","title":{"rendered":"Resistencia: Volc\u00f3 un karting en la pista que se arm\u00f3 alrededor de la plaza 25 de Mayo: el video"},"content":{"rendered":"<div dir=\"ltr\">Vecinos manifiestan su disconformidad por los ruidos molestos y el corte de calles principales.<\/p>\n<div><\/div>\n<div><a href=\"https:\/\/www.youtube.com\/watch?v=roGPh20ar8g\">https:\/\/www.youtube.com\/watch?v=roGPh20ar8g<\/a><\/p>\n<p>En la tarde de este s\u00e1bado, una polic\u00eda comunal de Resistencia result\u00f3 lesionada, tras ser impactada por un karting que despist\u00f3 y volc\u00f3 al chocar contra unas llantas, en una de las pruebas preliminares del Circuito Callejero, que improvis\u00f3 la intendencia alrededor de la plaza 25 de Mayo, lo que puso en duda la seguridad de la pista que se arm\u00f3 en el microcentro, de la ciudad capitalina.<\/p>\n<p>El veh\u00edculo se encontraba circulando a gran velocidad por la intersecci\u00f3n de Julio A. Roca y avenida Alberdi cuando choc\u00f3 contra unas llantas, lo que lo hizo volcar, empujando las vallas de contenci\u00f3n de la pista, lesionando as\u00ed a la trabajadora que se encontraba all\u00ed.<\/p>\n<p>Esta situaci\u00f3n, puso en la mira la seguridad del circuito que arm\u00f3 la Municipalidad, a cargo del intendente Gustavo Mart\u00ednez, en el centro de la ciudad capitalina y que se lleva adelante este s\u00e1bado 30 y domingo 31 de octubre.<\/p>\n<p>Quejas de los vecinos por el corte en el tr\u00e1nsito y ruidos molestos<\/p>\n<p>El tr\u00e1nsito en la ciudad de Resistencia se vio afectado desde el viernes a las 15:30, cuando se prohibi\u00f3 el estacionamiento alrededor de la plaza central y desde la madrugada del s\u00e1bado comenz\u00f3 a regir el corte total de las calles: Julio A. Roca al 200, avenida 25 de Mayo al 200, en ambos sentidos de circulaci\u00f3n, Marcelo T. de Alvear al 200, Bartolom\u00e9 Mitre al 200, avenida Sarmiento al 200, en ambos sentidos de circulaci\u00f3n, G\u00fcemes al 200, Hip\u00f3lito Yrigoyen al 200, Avenida 9 de Julio al 200, en ambos sentidos de circulaci\u00f3n, Juan B. Justo al 200, Arturo Frondizi al 300, Avenida Alberdi al 300, en ambos sentidos de circulaci\u00f3n y Santa Mar\u00eda de Oro al 300.<\/p>\n<p>Durante este domingo contin\u00faan las actividades deportivas en el centro de la principal ciudad de la provincia, por lo que seguir\u00e1 el corte total de dichas arterias y los vecinos deber\u00e1n elegir caminos alternativos para circular.<\/p>\n<p>Adem\u00e1s, quienes viven cerca de la plaza central expresaron su disconformidad por los fuertes ruidos que se generan por los motores de los kartings. &quot;Hoy quer\u00eda seguir durmiendo&quot;, expres\u00f3 una vecina en redes sociales, junto a una foto de la plaza.<\/p>\n<div><\/div>\n<div>DATA CHACO.-<\/div>\n<\/div>\n<\/div>\n","protected":false},"excerpt":{"rendered":"<p>Vecinos manifiestan su disconformidad por los ruidos molestos y el corte de calles principales. https:\/\/www.youtube.com\/watch?v=roGPh20ar8g En la tarde de este s\u00e1bado, una polic\u00eda comunal de Resistencia result\u00f3 lesionada, tras ser impactada por un karting que despist\u00f3 y volc\u00f3 al chocar contra unas llantas, en una de las pruebas preliminares del Circuito Callejero, que improvis\u00f3 la [&hellip;]<\/p>\n","protected":false},"author":1,"featured_media":12587,"comment_status":"closed","ping_status":"closed","sticky":false,"template":"","format":"standard","meta":{"footnotes":""},"categories":[6],"tags":[],"class_list":{"0":"post-12586","1":"post","2":"type-post","3":"status-publish","4":"format-standard","5":"has-post-thumbnail","7":"category-chaco"},"_links":{"self":[{"href":"https:\/\/chacosintesis.com.ar\/index.php\/wp-json\/wp\/v2\/posts\/12586","targetHints":{"allow":["GET"]}}],"collection":[{"href":"https:\/\/chacosintesis.com.ar\/index.php\/wp-json\/wp\/v2\/posts"}],"about":[{"href":"https:\/\/chacosintesis.com.ar\/index.php\/wp-json\/wp\/v2\/types\/post"}],"author":[{"embeddable":true,"href":"https:\/\/chacosintesis.com.ar\/index.php\/wp-json\/wp\/v2\/users\/1"}],"replies":[{"embeddable":true,"href":"https:\/\/chacosintesis.com.ar\/index.php\/wp-json\/wp\/v2\/comments?post=12586"}],"version-history":[{"count":0,"href":"https:\/\/chacosintesis.com.ar\/index.php\/wp-json\/wp\/v2\/posts\/12586\/revisions"}],"wp:featuredmedia":[{"embeddable":true,"href":"https:\/\/chacosintesis.com.ar\/index.php\/wp-json\/wp\/v2\/media\/12587"}],"wp:attachment":[{"href":"https:\/\/chacosintesis.com.ar\/index.php\/wp-json\/wp\/v2\/media?parent=12586"}],"wp:term":[{"taxonomy":"category","embeddable":true,"href":"https:\/\/chacosintesis.com.ar\/index.php\/wp-json\/wp\/v2\/categories?post=12586"},{"taxonomy":"post_tag","embeddable":true,"href":"https:\/\/chacosintesis.com.ar\/index.php\/wp-json\/wp\/v2\/tags?post=12586"}],"curies":[{"name":"wp","href":"https:\/\/api.w.org\/{rel}","templated":true}]}}