{"id":12584,"date":"2021-11-01T09:11:15","date_gmt":"2021-11-01T12:11:15","guid":{"rendered":"https:\/\/chacosintesis.com.ar\/?p=12584"},"modified":"2021-11-01T09:38:57","modified_gmt":"2021-11-01T12:38:57","slug":"saenz-pena-denuncian-robo-de-caballos-con-destino-a-faena-y-posterior-comercializacion","status":"publish","type":"post","link":"https:\/\/chacosintesis.com.ar\/index.php\/saenz-pena-denuncian-robo-de-caballos-con-destino-a-faena-y-posterior-comercializacion\/","title":{"rendered":"S\u00e1enz Pe\u00f1a: Denuncian robo de caballos con destino a faena y posterior comercializaci\u00f3n"},"content":{"rendered":"<div dir=\"ltr\">La asociaci\u00f3n civil Amo los Perros ha tomado la responsabilidad de rescatar caballos maltratados. Reclama que se tomen medidas urgentes y de eficiente control.<\/p>\n<p>La inseguridad no es exclusiva de la zona urbana, quedando expuesto en la \u00faltima semana lo que ocurre en las colonias rurales cercanas a la ciudad de Presidencia Roque S\u00e1enz Pe\u00f1a donde se registran robos de caballos, algunos de los que son destinados a carne para consumo humano.<\/p>\n<p>La asociaci\u00f3n civil Amo Los Perros no solamente se involucra en la recuperaci\u00f3n de animales dom\u00e9sticos en estado de abandono, sino que tambi\u00e9n ha tomado la responsabilidad de rescatar caballos que son maltratados por los carreros o que, deambulando por las rutas de la zona, protagonizaron siniestros viales.<\/p>\n<p>En los \u00faltimos d\u00edas de octubre el grupo manifest\u00f3 p\u00fablicamente lo que ocurri\u00f3 con animales que fueron sustra\u00eddos, siendo lo m\u00e1s tr\u00e1gico que en la zona de basurales, en la periferia de la ciudad, fueron encontrados los restos de dos hembras que fueron faenadas por los delincuentes.<\/p>\n<p>El robo de animales es una pr\u00e1ctica que no tiene fin, siendo reiterados los hechos de sustracci\u00f3n de ganado bovino a los productores de la zona. La sustracci\u00f3n de equinos ahora tambi\u00e9n est\u00e1 siendo una grave problem\u00e1tica ya que, seg\u00fan lo denuncian desde Amo Los Perros, el objetivo es la faena para la comercializaci\u00f3n de la carne en comercios de la ciudad.<\/p>\n<p>DOS YEGUAS, Y UNA DENUNCIA<\/p>\n<p>La agrupaci\u00f3n que defiende los derechos de los animales, en la semana que finaliz\u00f3, expuso sobre el robo de dos yeguas que eran madre e hija, encontr\u00e1ndose con el correr de las horas sus cueros en una zona de dep\u00f3sito de desperdicios, en la periferia de la ciudad.<\/p>\n<p>\u2018No puede ser que todo el mundo sepa qui\u00e9nes son los que roban los animales y no vayan presos\u2018, manifestaron los integrantes de Amo Los Perros, para agregar que \u2018toda S\u00e1enz Pe\u00f1a sabe que la carne que se vende en algunas carnicer\u00edas o en f\u00e1bricas de embutidos es de caballo\u2018. El grupo pide \u2018urgente y eficiente control del \u00e1rea municipal de Bromatolog\u00eda y que la Justicia act\u00fae sin que les tiemble la mano para meter preso a los delincuentes\u2018.<\/p>\n<p>\u2018Hoy es un animal muerto, pero ma\u00f1ana puede ser un humano intoxicado o que pierda la vida por consumir carne de animales que no est\u00e1n aptos para consumo\u2018, manifestaron.<\/p>\n<p>B\u00daSQUEDA DESESPERADA<\/p>\n<p>En el final de la semana las novedades volvieron a ser negativas, con el registro de la sustracci\u00f3n de dos animales en colonia Bajo Hondo Chico. Los caballos robados fueron rescatados del maltrato en las calles por Amo Los Perros y hab\u00edan sido entregados en adopci\u00f3n a un productor del departamento Comandante Fern\u00e1ndez hace tres a\u00f1os.<\/p>\n<p>En la madrugada del 30 de octubre cortaron alambrados y se llevaron del campo a San Mart\u00edn, un macho anciano de 30 a\u00f1os de edad que fue recuperado del abandono que sufri\u00f3 y una hembra, Flaca, que tambi\u00e9n fue rescatada del maltrato. La b\u00fasqueda desesperada de los animales continuaba en las \u00faltimas horas, anhelando los integrantes de Amo Los Perros y los due\u00f1os adoptantes, \u2018encontrarlos con vida\u2018.<\/p>\n<p>\u2018Solo queremos encontrarlos vivos. San Mart\u00edn fue rescatado hace 3 a\u00f1os del maltrato al que los somet\u00eda su due\u00f1o y hoy era un rey, con sus casi 30 a\u00f1os y Flaca, rescatada de la ruta hace 2 a\u00f1os, com\u00eda de la mano y temprano iba a levantar al se\u00f1or de la casa\u2018, detallaron desde el grupo.<\/p>\n<p>\u201cMUCHOS SAN MART\u00cdN\u201d Y \u201cfLACA\u201d<\/p>\n<p>El robo de equinos, mencionan los propietarios que fueron v\u00edctimas de robos, que se potenci\u00f3 en el \u00faltimo a\u00f1o \u2018y se sabe qui\u00e9nes son los que los faenan con destino a las carnicer\u00edas\u2018. \u2018Muchos San Mart\u00edn y Flaca son robados todos los d\u00edas, pero son hechos que no tienen difusi\u00f3n o que la polic\u00eda no comunica, jam\u00e1s logran dar con sus paraderos o si los encuentran, est\u00e1n carneados, sus cueros tirados en las represas y sus huesos en basural\u2018, refirieron desde Amo los Perros.<\/p>\n<p>En el malestar que existe, los proteccionistas se\u00f1alaron que \u2018hoy San Mart\u00edn, Flaca y las otras dos yeguas fueron v\u00edctimas del sistema de inseguridad rural que tenemos en S\u00e1enz Pe\u00f1a. V\u00edctimas de la falta de control en las carnicer\u00edas y f\u00e1bricas de chacinados que piden esta carne. Hoy nos duele el alma, porque no vamos a negar que estamos destrozadas, sin saber si los caballos rescatados y por los que tanto luchamos para que vivan una vida digna, en la libertad de los campos, est\u00e1n vivos o muertos\u2018, finalizaron.<\/p>\n<div><\/div>\n<div>DIARIO NORTE<\/div>\n<div><\/div>\n<div><\/div>\n<\/div>\n","protected":false},"excerpt":{"rendered":"<p>La asociaci\u00f3n civil Amo los Perros ha tomado la responsabilidad de rescatar caballos maltratados. Reclama que se tomen medidas urgentes y de eficiente control. La inseguridad no es exclusiva de la zona urbana, quedando expuesto en la \u00faltima semana lo que ocurre en las colonias rurales cercanas a la ciudad de Presidencia Roque S\u00e1enz Pe\u00f1a [&hellip;]<\/p>\n","protected":false},"author":1,"featured_media":12585,"comment_status":"closed","ping_status":"closed","sticky":false,"template":"","format":"standard","meta":{"footnotes":""},"categories":[6],"tags":[60],"class_list":{"0":"post-12584","1":"post","2":"type-post","3":"status-publish","4":"format-standard","5":"has-post-thumbnail","7":"category-chaco","8":"tag-featured"},"_links":{"self":[{"href":"https:\/\/chacosintesis.com.ar\/index.php\/wp-json\/wp\/v2\/posts\/12584","targetHints":{"allow":["GET"]}}],"collection":[{"href":"https:\/\/chacosintesis.com.ar\/index.php\/wp-json\/wp\/v2\/posts"}],"about":[{"href":"https:\/\/chacosintesis.com.ar\/index.php\/wp-json\/wp\/v2\/types\/post"}],"author":[{"embeddable":true,"href":"https:\/\/chacosintesis.com.ar\/index.php\/wp-json\/wp\/v2\/users\/1"}],"replies":[{"embeddable":true,"href":"https:\/\/chacosintesis.com.ar\/index.php\/wp-json\/wp\/v2\/comments?post=12584"}],"version-history":[{"count":0,"href":"https:\/\/chacosintesis.com.ar\/index.php\/wp-json\/wp\/v2\/posts\/12584\/revisions"}],"wp:featuredmedia":[{"embeddable":true,"href":"https:\/\/chacosintesis.com.ar\/index.php\/wp-json\/wp\/v2\/media\/12585"}],"wp:attachment":[{"href":"https:\/\/chacosintesis.com.ar\/index.php\/wp-json\/wp\/v2\/media?parent=12584"}],"wp:term":[{"taxonomy":"category","embeddable":true,"href":"https:\/\/chacosintesis.com.ar\/index.php\/wp-json\/wp\/v2\/categories?post=12584"},{"taxonomy":"post_tag","embeddable":true,"href":"https:\/\/chacosintesis.com.ar\/index.php\/wp-json\/wp\/v2\/tags?post=12584"}],"curies":[{"name":"wp","href":"https:\/\/api.w.org\/{rel}","templated":true}]}}