{"id":12575,"date":"2021-10-29T18:56:00","date_gmt":"2021-10-29T21:56:00","guid":{"rendered":"https:\/\/chacosintesis.com.ar\/?p=12575"},"modified":"2021-10-30T22:56:31","modified_gmt":"2021-10-31T01:56:31","slug":"saenz-pena-el-intendente-cipolini-inauguro-las-obras-de-la-plaza-antonio-zafra","status":"publish","type":"post","link":"https:\/\/chacosintesis.com.ar\/index.php\/saenz-pena-el-intendente-cipolini-inauguro-las-obras-de-la-plaza-antonio-zafra\/","title":{"rendered":"S\u00e1enz Pe\u00f1a: El intendente Cipolini inaugur\u00f3 las obras de la Plaza Antonio Zafra"},"content":{"rendered":"\n<p>Este jueves, en calle Juan Quintana y Colectora Sur,\u00a0<strong>el intendente Bruno Cipolini<\/strong>\u00a0inaugur\u00f3\u00a0<strong>las nuevas obras de la Plaza del barrio Antonio Zafra<\/strong>.\u00a0En la oportunidad,\u00a0<strong>estuvieron presentes<\/strong>\u00a0el diputado provincial,\u00a0<strong>Carim Peche<\/strong>; el presidente del Concejo Municipal,\u00a0<strong>Pedro Egea<\/strong>; la concejal\u00a0<strong>Nora Gauna<\/strong>; funcionarios del municipio y p\u00fablico en general.<\/p>\n\n\n\n<p>De esta manera,\u00a0<strong>el acto comenz\u00f3 con el tradicional corte de cinta<\/strong>, seguido del encendido del nuevo sistema de iluminaci\u00f3n LED. Luego de las bendiciones,\u00a0<strong>una vecina del barrio dio unas palabras de agradecimiento<\/strong>\u00a0por estas obras y refiri\u00f3 a la importancia \u201c<strong>de que se mire a todos los barrios de la ciudad<\/strong>\u201d.\u00a0La obra se realiz\u00f3\u00a0<strong>con el objetivo<\/strong>\u00a0de recuperar y mejorar un espacio recreativo, con la colocaci\u00f3n de juegos infantiles y elementos para realizar ejercicios aer\u00f3bicos. Tambi\u00e9n incluy\u00f3 el reacondicionamiento total de la cancha de v\u00f3ley, con las medidas reglamentarias, donde hay muchos j\u00f3venes y chicos que juegan regularmente.\u00a0Cabe recordar que al inicio se hizo la nivelaci\u00f3n de los pisos con el posterior hormigonado de la vereda perimetral, y la colocaci\u00f3n de columnas con luminarias LED, adem\u00e1s de la forestaci\u00f3n y la parquizaci\u00f3n.<\/p>\n\n\n\n<p>Al respecto, en la toma de la palabra, el\u00a0<strong>intendente<\/strong>\u00a0coment\u00f3: \u201c<strong>Nosotros sentimos que es una obra muy trascendente para este barrio, una devoluci\u00f3n, una puesta a disposici\u00f3n de este espacio que es de todos para aprovecharlo<\/strong>.\u201d\u00a0En este sentido, cabe mencionar que\u00a0<strong>el Municipio tiene como uno de sus objetivos continuar con la intervenci\u00f3n y construcci\u00f3n de las plazas de la ciudad<\/strong>\u00a0con el fin de embellecer los espacios p\u00fablicos, contribuyendo al mejoramiento integral de los mismos.\u00a0\u201c<strong>Hoy me toca a m\u00ed pararme ante ustedes, dar este mensaje, administrar los recursos que son de todos y hacerlo de la mejor manera posible<\/strong>\u201d, continu\u00f3 el mensaje.<\/p>\n\n\n\n<p>\u201cNuestra tarea, es un mandato que nos han dado los vecinos y que tiene una fecha l\u00edmite, en ese \u2018mientras tanto\u2019 tratamos de dar lo mejor de nosotros en beneficio de nuestra comunidad para que nuestras acciones puedan transformar o mejorar la calidad de vida de cada vecino, sin importar en qu\u00e9 barrio de la ciudad se encuentre\u201d, concluy\u00f3 al respecto.\u00a0El cierre del encuentro, al que se acercaron numerosos vecinos del barrio, fue al ritmo de la Banda Municipal Fortunato Felcher.<\/p>\n\n\n\n<p>DIARIO CHACO.-<\/p>\n","protected":false},"excerpt":{"rendered":"<p>Este jueves, en calle Juan Quintana y Colectora Sur,\u00a0el intendente Bruno Cipolini\u00a0inaugur\u00f3\u00a0las nuevas obras de la Plaza del barrio Antonio Zafra.\u00a0En la oportunidad,\u00a0estuvieron presentes\u00a0el diputado provincial,\u00a0Carim Peche; el presidente del Concejo Municipal,\u00a0Pedro Egea; la concejal\u00a0Nora Gauna; funcionarios del municipio y p\u00fablico en general. De esta manera,\u00a0el acto comenz\u00f3 con el tradicional corte de cinta, seguido [&hellip;]<\/p>\n","protected":false},"author":1,"featured_media":12576,"comment_status":"closed","ping_status":"closed","sticky":false,"template":"","format":"standard","meta":{"footnotes":""},"categories":[6],"tags":[],"class_list":{"0":"post-12575","1":"post","2":"type-post","3":"status-publish","4":"format-standard","5":"has-post-thumbnail","7":"category-chaco"},"_links":{"self":[{"href":"https:\/\/chacosintesis.com.ar\/index.php\/wp-json\/wp\/v2\/posts\/12575","targetHints":{"allow":["GET"]}}],"collection":[{"href":"https:\/\/chacosintesis.com.ar\/index.php\/wp-json\/wp\/v2\/posts"}],"about":[{"href":"https:\/\/chacosintesis.com.ar\/index.php\/wp-json\/wp\/v2\/types\/post"}],"author":[{"embeddable":true,"href":"https:\/\/chacosintesis.com.ar\/index.php\/wp-json\/wp\/v2\/users\/1"}],"replies":[{"embeddable":true,"href":"https:\/\/chacosintesis.com.ar\/index.php\/wp-json\/wp\/v2\/comments?post=12575"}],"version-history":[{"count":0,"href":"https:\/\/chacosintesis.com.ar\/index.php\/wp-json\/wp\/v2\/posts\/12575\/revisions"}],"wp:featuredmedia":[{"embeddable":true,"href":"https:\/\/chacosintesis.com.ar\/index.php\/wp-json\/wp\/v2\/media\/12576"}],"wp:attachment":[{"href":"https:\/\/chacosintesis.com.ar\/index.php\/wp-json\/wp\/v2\/media?parent=12575"}],"wp:term":[{"taxonomy":"category","embeddable":true,"href":"https:\/\/chacosintesis.com.ar\/index.php\/wp-json\/wp\/v2\/categories?post=12575"},{"taxonomy":"post_tag","embeddable":true,"href":"https:\/\/chacosintesis.com.ar\/index.php\/wp-json\/wp\/v2\/tags?post=12575"}],"curies":[{"name":"wp","href":"https:\/\/api.w.org\/{rel}","templated":true}]}}