{"id":12571,"date":"2021-10-30T18:56:50","date_gmt":"2021-10-30T21:56:50","guid":{"rendered":"https:\/\/chacosintesis.com.ar\/?p=12571"},"modified":"2021-10-30T19:09:10","modified_gmt":"2021-10-30T22:09:10","slug":"rozas-raul-alfonsin-nos-enseno-que-es-posible-vivir-en-un-pais-libre-y-unido","status":"publish","type":"post","link":"https:\/\/chacosintesis.com.ar\/index.php\/rozas-raul-alfonsin-nos-enseno-que-es-posible-vivir-en-un-pais-libre-y-unido\/","title":{"rendered":"Rozas: &#8220;Ra\u00fal Alfons\u00edn nos ense\u00f1\u00f3 que es posible vivir en un pa\u00eds libre y unido&#8221;"},"content":{"rendered":"<div dir=\"ltr\">El ex gobernador de la provincia, y actual vicepresidente segundo del Comit\u00e9 Nacional de la UCR, Angel Rozas, record\u00f3 el 38\u00b0 aniversario del triunfo electoral del ex presidente Ra\u00fal Alfons\u00edn, un 30 de octubre de 1983, tras 7 a\u00f1os de dictadura militar.<\/p>\n<p>Rozas remarc\u00f3 la importancia de aquel triunfo \u201cUn d\u00eda como hoy, hace 38 a\u00f1os, \u00a0Ra\u00fal Alfons\u00edn ganaba una elecci\u00f3n que marcar\u00eda un antes y un despu\u00e9s en la historia argentina, llegaba al gobierno un hombre que nos ense\u00f1\u00f3 que es posible vivir en un pa\u00eds libre y unido. As\u00ed lo expres\u00f3 ese 30 de octubre \u201c\u2026Hemos ganado, pero no hemos derrotado a nadie, todos juntos hemos recuperado nuestros derechos\u2026\u201d<\/p>\n<p>Luego del triunfo, \u00a0Alfons\u00edn \u00a0visit\u00f3 al quien fuera su oponente, Italo Luder y le ofreci\u00f3 proponerlo para integrar la futura Corte Suprema de Justicia, cargo que no acept\u00f3. Tambi\u00e9n se reuni\u00f3 con representantes de las distintas fuerzas pol\u00edticas, con la Iglesia, el movimiento obrero y organizaciones de derechos humanos, en el marco de un gran acuerdo social.\u00a0 Ra\u00fal Alfons\u00edn sab\u00eda que la consolidaci\u00f3n de la democracia deb\u00eda darse en un contexto de uni\u00f3n nacional, y as\u00ed gobern\u00f3, con respeto, di\u00e1logo y consenso. <\/p>\n<p>A 38 a\u00f1os de la recuperaci\u00f3n de la libertad, la justicia, la esperanza, la paz, las garant\u00edas individuales, los derechos humanos y la dignidad, debemos asumir el compromiso de consolidar y profundizar esos principios. <\/p><\/div>\n","protected":false},"excerpt":{"rendered":"<p>El ex gobernador de la provincia, y actual vicepresidente segundo del Comit\u00e9 Nacional de la UCR, Angel Rozas, record\u00f3 el 38\u00b0 aniversario del triunfo electoral del ex presidente Ra\u00fal Alfons\u00edn, un 30 de octubre de 1983, tras 7 a\u00f1os de dictadura militar. Rozas remarc\u00f3 la importancia de aquel triunfo \u201cUn d\u00eda como hoy, hace 38 [&hellip;]<\/p>\n","protected":false},"author":1,"featured_media":12572,"comment_status":"closed","ping_status":"closed","sticky":false,"template":"","format":"standard","meta":{"footnotes":""},"categories":[6],"tags":[],"class_list":{"0":"post-12571","1":"post","2":"type-post","3":"status-publish","4":"format-standard","5":"has-post-thumbnail","7":"category-chaco"},"_links":{"self":[{"href":"https:\/\/chacosintesis.com.ar\/index.php\/wp-json\/wp\/v2\/posts\/12571","targetHints":{"allow":["GET"]}}],"collection":[{"href":"https:\/\/chacosintesis.com.ar\/index.php\/wp-json\/wp\/v2\/posts"}],"about":[{"href":"https:\/\/chacosintesis.com.ar\/index.php\/wp-json\/wp\/v2\/types\/post"}],"author":[{"embeddable":true,"href":"https:\/\/chacosintesis.com.ar\/index.php\/wp-json\/wp\/v2\/users\/1"}],"replies":[{"embeddable":true,"href":"https:\/\/chacosintesis.com.ar\/index.php\/wp-json\/wp\/v2\/comments?post=12571"}],"version-history":[{"count":0,"href":"https:\/\/chacosintesis.com.ar\/index.php\/wp-json\/wp\/v2\/posts\/12571\/revisions"}],"wp:featuredmedia":[{"embeddable":true,"href":"https:\/\/chacosintesis.com.ar\/index.php\/wp-json\/wp\/v2\/media\/12572"}],"wp:attachment":[{"href":"https:\/\/chacosintesis.com.ar\/index.php\/wp-json\/wp\/v2\/media?parent=12571"}],"wp:term":[{"taxonomy":"category","embeddable":true,"href":"https:\/\/chacosintesis.com.ar\/index.php\/wp-json\/wp\/v2\/categories?post=12571"},{"taxonomy":"post_tag","embeddable":true,"href":"https:\/\/chacosintesis.com.ar\/index.php\/wp-json\/wp\/v2\/tags?post=12571"}],"curies":[{"name":"wp","href":"https:\/\/api.w.org\/{rel}","templated":true}]}}