{"id":12555,"date":"2021-10-28T18:34:55","date_gmt":"2021-10-28T21:34:55","guid":{"rendered":"https:\/\/chacosintesis.com.ar\/?p=12555"},"modified":"2021-10-29T13:07:07","modified_gmt":"2021-10-29T16:07:07","slug":"ocampo-y-zdero-candidatos-a-diputados-provinciales-en-debate-radial","status":"publish","type":"post","link":"https:\/\/chacosintesis.com.ar\/index.php\/ocampo-y-zdero-candidatos-a-diputados-provinciales-en-debate-radial\/","title":{"rendered":"Ocampo y Zdero, candidatos a diputados provinciales, en debate radial"},"content":{"rendered":"<div dir=\"ltr\">\u201cZdero todav\u00eda no me explica qu\u00e9 hizo por los chaque\u00f1os en tiempos de Macri. Se lo pregunte en el debate anterior y todav\u00eda espero respuesta\u201d, record\u00f3 el candidato del Frente de Todos Chaco.<\/p>\n<p>Tras la primera propuesta televisiva que tendr\u00e1 continuidad el pr\u00f3ximo 4 de noviembre, Rodrigo Ocampo (candidato a diputado provincial por el Frente de Todos Chaco) y Leandro Zdero (candidato a legislador provincial por Juntos por el Cambio) volver\u00e1n a debatir este viernes 29 de cara a las elecciones del pr\u00f3ximo 14 de noviembre. En esta oportunidad, lo har\u00e1n desde las 10 a trav\u00e9s de La Radio 104.7, en el programa que conduce Julio Wajcman. \u00a0 \u00a0 \u00a0 \u00a0 \u00a0 \u00a0 \u00a0 \u00a0 \u00a0 \u00a0 \u00a0 \u00a0 <\/p>\n<p>\u201cEl debate es una herramienta para expresar ideas y escuchar. Represento a una nueva generaci\u00f3n, nosotros reivindicamos la pol\u00edtica y la esperanza de superar adversidades\u201d, asegur\u00f3 Ocampo a la Agencia FOCO previo al debate de ma\u00f1ana. As\u00ed, se dirigi\u00f3 directamente a su opositor pol\u00edtico y dijo: \u201cZdero todav\u00eda no me explica qu\u00e9 hizo por los chaque\u00f1os en tiempos de Macri. Se lo pregunte en el debate anterior y todav\u00eda espero respuesta\u201d.<\/p>\n<p>\u201cLa sociedad elige qu\u00e9 provincia necesita para sus pr\u00f3ximos dos a\u00f1os, nosotros proponemos m\u00e1s trabajo, recuperaci\u00f3n econ\u00f3mica y continuar las obras, enfrente tenemos al radicalismo que quiere poner palos y bloquear todas las iniciativas de Capitanich\u201d, concluy\u00f3 Rodrigo Ocampo.<\/p>\n<p>Los interesados en interactuar con los candidatos pueden hacerlo al 4443366 o al WhatsApp 3624562494. Link para escuchar: <a href=\"https:\/\/laradio1047.com.ar\/\">https:\/\/laradio1047.com.ar\/<\/a><\/p>\n<div><\/div>\n<\/div>\n","protected":false},"excerpt":{"rendered":"<p>\u201cZdero todav\u00eda no me explica qu\u00e9 hizo por los chaque\u00f1os en tiempos de Macri. Se lo pregunte en el debate anterior y todav\u00eda espero respuesta\u201d, record\u00f3 el candidato del Frente de Todos Chaco. Tras la primera propuesta televisiva que tendr\u00e1 continuidad el pr\u00f3ximo 4 de noviembre, Rodrigo Ocampo (candidato a diputado provincial por el Frente [&hellip;]<\/p>\n","protected":false},"author":1,"featured_media":12556,"comment_status":"closed","ping_status":"closed","sticky":false,"template":"","format":"standard","meta":{"footnotes":""},"categories":[6],"tags":[],"class_list":{"0":"post-12555","1":"post","2":"type-post","3":"status-publish","4":"format-standard","5":"has-post-thumbnail","7":"category-chaco"},"_links":{"self":[{"href":"https:\/\/chacosintesis.com.ar\/index.php\/wp-json\/wp\/v2\/posts\/12555","targetHints":{"allow":["GET"]}}],"collection":[{"href":"https:\/\/chacosintesis.com.ar\/index.php\/wp-json\/wp\/v2\/posts"}],"about":[{"href":"https:\/\/chacosintesis.com.ar\/index.php\/wp-json\/wp\/v2\/types\/post"}],"author":[{"embeddable":true,"href":"https:\/\/chacosintesis.com.ar\/index.php\/wp-json\/wp\/v2\/users\/1"}],"replies":[{"embeddable":true,"href":"https:\/\/chacosintesis.com.ar\/index.php\/wp-json\/wp\/v2\/comments?post=12555"}],"version-history":[{"count":0,"href":"https:\/\/chacosintesis.com.ar\/index.php\/wp-json\/wp\/v2\/posts\/12555\/revisions"}],"wp:featuredmedia":[{"embeddable":true,"href":"https:\/\/chacosintesis.com.ar\/index.php\/wp-json\/wp\/v2\/media\/12556"}],"wp:attachment":[{"href":"https:\/\/chacosintesis.com.ar\/index.php\/wp-json\/wp\/v2\/media?parent=12555"}],"wp:term":[{"taxonomy":"category","embeddable":true,"href":"https:\/\/chacosintesis.com.ar\/index.php\/wp-json\/wp\/v2\/categories?post=12555"},{"taxonomy":"post_tag","embeddable":true,"href":"https:\/\/chacosintesis.com.ar\/index.php\/wp-json\/wp\/v2\/tags?post=12555"}],"curies":[{"name":"wp","href":"https:\/\/api.w.org\/{rel}","templated":true}]}}