{"id":12547,"date":"2021-10-28T09:36:42","date_gmt":"2021-10-28T12:36:42","guid":{"rendered":"https:\/\/chacosintesis.com.ar\/?p=12547"},"modified":"2021-10-28T10:06:54","modified_gmt":"2021-10-28T13:06:54","slug":"mariela-quiros-es-momento-de-consolidar-un-modelo-de-desarrollo-sostenible","status":"publish","type":"post","link":"https:\/\/chacosintesis.com.ar\/index.php\/mariela-quiros-es-momento-de-consolidar-un-modelo-de-desarrollo-sostenible\/","title":{"rendered":"Mariela Quir\u00f3s: \u201cEs momento de consolidar un modelo de desarrollo sostenible\u201d"},"content":{"rendered":"<div dir=\"ltr\">La candidata a diputada provincial particip\u00f3 de un encuentro como parte de la Agenda 2030 de los Objetivos de Desarrollo Sostenible de las Naciones Unidas. La iniciativa busca impulsar pol\u00edticas ambientales con mirada social y que contemplen el desarrollo econ\u00f3mico desde una perspectiva de mayor equidad.<\/p>\n<p>La candidata a diputada provincial por el Frente de Todos, Mariela Quir\u00f3s, particip\u00f3 este mi\u00e9rcoles del encuentro \u201cAgenda 2030 ODS: una responsabilidad de todxs\u201d, que se llev\u00f3 a cabo en La Costanerita de Barranqueras y que sirvi\u00f3 para presentar propuestas y pol\u00edticas de acci\u00f3n para afrontar la problem\u00e1tica ambiental. <\/p>\n<p>\u00a0\u201cYa lo dijimos: sin justicia ambiental no hay posibilidad de justicia social. Es momento de consolidar un modelo de desarrollo sostenible, concebir un futuro basado en la equidad, la inclusi\u00f3n y la paz, como consagran los Objetivos de Desarrollo Sostenible, que son nuestra premisa\u201d, se\u00f1al\u00f3 Mariela Quir\u00f3s.<\/p>\n<p>El encuentro convoc\u00f3 tambi\u00e9n a referentes pol\u00edticos, organizaciones y voluntarios ambientales que vienen realizando jornadas en el marco del D\u00eda Mundial contra el Cambio Clim\u00e1tico, celebrado el pasado 24 de octubre.<\/p>\n<p>Los participantes de \u201cAgenda 2030 ODS\u201d propusieron diversas medidas en ese sentido, a la vez que plantearon desaf\u00edos a trabajar y las principales demandas y urgencias que presenta la problem\u00e1tica ambiental. <\/p>\n<p>\u201cSe trata tambi\u00e9n de construir una nueva conciencia ambiental, de que pongamos en valor los principios de la sostenibilidad, porque el mundo nos demanda que busquemos alternativas al desarrollo y a la producci\u00f3n\u201d, afirm\u00f3 Mariela Quir\u00f3s, quien adem\u00e1s tom\u00f3 nota de las propuestas e inquietudes de los voluntarios ambientales. <\/p><\/div>\n","protected":false},"excerpt":{"rendered":"<p>La candidata a diputada provincial particip\u00f3 de un encuentro como parte de la Agenda 2030 de los Objetivos de Desarrollo Sostenible de las Naciones Unidas. La iniciativa busca impulsar pol\u00edticas ambientales con mirada social y que contemplen el desarrollo econ\u00f3mico desde una perspectiva de mayor equidad. La candidata a diputada provincial por el Frente de [&hellip;]<\/p>\n","protected":false},"author":1,"featured_media":12548,"comment_status":"closed","ping_status":"closed","sticky":false,"template":"","format":"standard","meta":{"footnotes":""},"categories":[6],"tags":[],"class_list":{"0":"post-12547","1":"post","2":"type-post","3":"status-publish","4":"format-standard","5":"has-post-thumbnail","7":"category-chaco"},"_links":{"self":[{"href":"https:\/\/chacosintesis.com.ar\/index.php\/wp-json\/wp\/v2\/posts\/12547","targetHints":{"allow":["GET"]}}],"collection":[{"href":"https:\/\/chacosintesis.com.ar\/index.php\/wp-json\/wp\/v2\/posts"}],"about":[{"href":"https:\/\/chacosintesis.com.ar\/index.php\/wp-json\/wp\/v2\/types\/post"}],"author":[{"embeddable":true,"href":"https:\/\/chacosintesis.com.ar\/index.php\/wp-json\/wp\/v2\/users\/1"}],"replies":[{"embeddable":true,"href":"https:\/\/chacosintesis.com.ar\/index.php\/wp-json\/wp\/v2\/comments?post=12547"}],"version-history":[{"count":0,"href":"https:\/\/chacosintesis.com.ar\/index.php\/wp-json\/wp\/v2\/posts\/12547\/revisions"}],"wp:featuredmedia":[{"embeddable":true,"href":"https:\/\/chacosintesis.com.ar\/index.php\/wp-json\/wp\/v2\/media\/12548"}],"wp:attachment":[{"href":"https:\/\/chacosintesis.com.ar\/index.php\/wp-json\/wp\/v2\/media?parent=12547"}],"wp:term":[{"taxonomy":"category","embeddable":true,"href":"https:\/\/chacosintesis.com.ar\/index.php\/wp-json\/wp\/v2\/categories?post=12547"},{"taxonomy":"post_tag","embeddable":true,"href":"https:\/\/chacosintesis.com.ar\/index.php\/wp-json\/wp\/v2\/tags?post=12547"}],"curies":[{"name":"wp","href":"https:\/\/api.w.org\/{rel}","templated":true}]}}