{"id":12537,"date":"2021-10-28T00:08:37","date_gmt":"2021-10-28T03:08:37","guid":{"rendered":"https:\/\/chacosintesis.com.ar\/?p=12537"},"modified":"2021-10-28T00:40:31","modified_gmt":"2021-10-28T03:40:31","slug":"capitanich-ratifico-su-apoyo-al-acuerdo-de-precios-en-una-reunion-junto-al-presidente","status":"publish","type":"post","link":"https:\/\/chacosintesis.com.ar\/index.php\/capitanich-ratifico-su-apoyo-al-acuerdo-de-precios-en-una-reunion-junto-al-presidente\/","title":{"rendered":"Capitanich ratific\u00f3 su apoyo al acuerdo de precios en una reuni\u00f3n junto al Presidente"},"content":{"rendered":"<div dir=\"ltr\">\u201cNos unimos para garantizar el cuidado del bolsillo de los argentinos y argentinas. La recuperaci\u00f3n econ\u00f3mica est\u00e1 en marcha\u201d, se\u00f1al\u00f3 el gobernador. El acuerdo estabiliza los precios de m\u00e1s de 1.400 productos, por un lapso de 90 d\u00edas, en donde las provincias acompa\u00f1ar\u00e1n las tareas de fiscalizaci\u00f3n.<br \/>\u00a0<br \/>El gobernador Jorge Capitanich particip\u00f3 este mi\u00e9rcoles, por videoconferencia, de una reuni\u00f3n con el presidente Alberto Fern\u00e1ndez, el jefe de Gabinete Juan Manzur y ministro del Interior Eduardo De Pedro, en donde estuvieron la mayor\u00eda de los mandatarios provinciales, para avanzar en la instrumentaci\u00f3n de un acuerdo para estabilizar por 90 d\u00edas los precios de al menos 1.432 productos que impulsa el Gobierno nacional a trav\u00e9s de la Secretar\u00eda de Comercio Interior.<\/p>\n<div>La reuni\u00f3n, donde participaron ocho gobernadores en forma presencial y otros 11 de modo virtual, cont\u00f3 adem\u00e1s con la participaci\u00f3n del secretario de Evaluaci\u00f3n Presupuestaria, Inversi\u00f3n P\u00fablica y Participaci\u00f3n P\u00fablico Privada, Jorge Neme; la secretaria de Provincias, Silvina Batakis; y la subsecretaria de Comercio Interior, D\u00e9bora Giorgi.<\/div>\n<div>\u201cEl pa\u00eds atraviesa un proceso de recuperaci\u00f3n econ\u00f3mica que conlleva tambi\u00e9n el aumento del consumo. Por eso, coordinamos acciones para desacelerar el incremento de precios\u201d, explic\u00f3 Capitanich, quien agreg\u00f3: \u201cNos unimos para garantizar el cuidado del bolsillo de los argentinos y argentinas. La recuperaci\u00f3n econ\u00f3mica est\u00e1 en marcha. Somos la garant\u00eda de que unidos, vamos a seguir avanzando\u201d.<\/div>\n<div><\/div>\n<div>El acuerdo sobre Comercio Justo y Precios Accesibles tratado durante el encuentro, titulado \u201cArgentina comienza a ponerse de pie\u201d, plantea en uno de sus pasajes que \u201ces momento de acompa\u00f1ar las medidas adoptadas por el Gobierno nacional para retrotraer los aumentos de precios al 1 de octubre, y establecer hasta el 7 de enero de 2022 la fijaci\u00f3n temporal de precios m\u00e1ximos de venta al consumidor final para todos los productores, comercializadores y distribuidores de los productos indicados\u201d.<\/div>\n<div>As\u00ed, Alberto Fern\u00e1ndez y parte de su gabinete brindaron precisiones sobre las razones y los alcances de este programa de 90 d\u00edas para una canasta de 1.432 productos b\u00e1sicos de gran consumo masivo. En este sentido, las provincias ratificaron su respaldo al acuerdo y se comprometieron a acompa\u00f1ar las tareas de fiscalizaci\u00f3n y control para su cumplimiento.<\/div>\n<div>\u201cLos aumentos de precios castigan con dureza los ingresos de los argentinos y argentinas, poniendo en riesgo al mismo tiempo la continuidad del crecimiento econ\u00f3mico\u201d, sostiene el documento, el cual agrega que \u201csi los ingresos de nuestro pueblo se deterioran, el consumo, la producci\u00f3n, la inversi\u00f3n, el empleo y la rentabilidad de nuestras Pymes se debilita\u201d.<\/div>\n<div>El acuerdo plantea la necesidad de contar con \u201cinstrumentos econ\u00f3micos e institucionales estables y permanentes que garanticen rentabilidades empresarias razonables; una distribuci\u00f3n justa del excedente a lo largo de las cadenas productivas, protegiendo a sus actores m\u00e1s d\u00e9biles; y el acceso de los trabajadores a los bienes y servicios de consumo b\u00e1sico a precios accesibles\u201d.<\/div>\n<div>Los presentes en la reuni\u00f3n fueron los gobernadores de Buenos Aires, Axel Kicillof; de Catamarca, Ra\u00fal Jalil; de Entre R\u00edos, Gustavo Bordet; de Formosa, Gildo Insfr\u00e1n; de La Pampa, Sergio Ziliotto; de La Rioja, Ricardo Quintela; de Tucum\u00e1n, Osvaldo Jaldo; y de Santa Cruz, Alicia Kirchner.<\/div>\n<div>En tanto, en forma virtual, participaron los gobernadores de Chubut, Mariano Arcioni; de Corrientes, Gustavo Vald\u00e9s; de Jujuy, Gerardo Morales; de Neuqu\u00e9n, Omar Guti\u00e9rrez; de Salta, Gustavo S\u00e1enz; de Tierra del Fuego, Gustavo Melella; de R\u00edo Negro, Arabela Carreras; el vicegobernador de San Juan, Guillermo Gattoni; el ministro de Finanzas de C\u00f3rdoba, Osvaldo Giordano; el secretario de Comercio y PyME de esa provincia, Juan Pablo Inglese; y el ministro de Hacienda P\u00fablica de San Luis, Eloy Diego Horcajo.<\/div>\n<\/div>\n","protected":false},"excerpt":{"rendered":"<p>\u201cNos unimos para garantizar el cuidado del bolsillo de los argentinos y argentinas. La recuperaci\u00f3n econ\u00f3mica est\u00e1 en marcha\u201d, se\u00f1al\u00f3 el gobernador. El acuerdo estabiliza los precios de m\u00e1s de 1.400 productos, por un lapso de 90 d\u00edas, en donde las provincias acompa\u00f1ar\u00e1n las tareas de fiscalizaci\u00f3n.\u00a0El gobernador Jorge Capitanich particip\u00f3 este mi\u00e9rcoles, por videoconferencia, [&hellip;]<\/p>\n","protected":false},"author":1,"featured_media":12538,"comment_status":"closed","ping_status":"closed","sticky":false,"template":"","format":"standard","meta":{"footnotes":""},"categories":[6],"tags":[],"class_list":{"0":"post-12537","1":"post","2":"type-post","3":"status-publish","4":"format-standard","5":"has-post-thumbnail","7":"category-chaco"},"_links":{"self":[{"href":"https:\/\/chacosintesis.com.ar\/index.php\/wp-json\/wp\/v2\/posts\/12537","targetHints":{"allow":["GET"]}}],"collection":[{"href":"https:\/\/chacosintesis.com.ar\/index.php\/wp-json\/wp\/v2\/posts"}],"about":[{"href":"https:\/\/chacosintesis.com.ar\/index.php\/wp-json\/wp\/v2\/types\/post"}],"author":[{"embeddable":true,"href":"https:\/\/chacosintesis.com.ar\/index.php\/wp-json\/wp\/v2\/users\/1"}],"replies":[{"embeddable":true,"href":"https:\/\/chacosintesis.com.ar\/index.php\/wp-json\/wp\/v2\/comments?post=12537"}],"version-history":[{"count":0,"href":"https:\/\/chacosintesis.com.ar\/index.php\/wp-json\/wp\/v2\/posts\/12537\/revisions"}],"wp:featuredmedia":[{"embeddable":true,"href":"https:\/\/chacosintesis.com.ar\/index.php\/wp-json\/wp\/v2\/media\/12538"}],"wp:attachment":[{"href":"https:\/\/chacosintesis.com.ar\/index.php\/wp-json\/wp\/v2\/media?parent=12537"}],"wp:term":[{"taxonomy":"category","embeddable":true,"href":"https:\/\/chacosintesis.com.ar\/index.php\/wp-json\/wp\/v2\/categories?post=12537"},{"taxonomy":"post_tag","embeddable":true,"href":"https:\/\/chacosintesis.com.ar\/index.php\/wp-json\/wp\/v2\/tags?post=12537"}],"curies":[{"name":"wp","href":"https:\/\/api.w.org\/{rel}","templated":true}]}}