{"id":12526,"date":"2021-10-27T17:26:21","date_gmt":"2021-10-27T20:26:21","guid":{"rendered":"https:\/\/chacosintesis.com.ar\/?p=12526"},"modified":"2021-10-27T17:37:13","modified_gmt":"2021-10-27T20:37:13","slug":"mariela-quiros-estamos-recuperando-el-poder-adquisitivo-de-los-trabajadores-2","status":"publish","type":"post","link":"https:\/\/chacosintesis.com.ar\/index.php\/mariela-quiros-estamos-recuperando-el-poder-adquisitivo-de-los-trabajadores-2\/","title":{"rendered":"Mariela Quir\u00f3s: \u201cEstamos recuperando el poder adquisitivo de los trabajadores\u201d"},"content":{"rendered":"<div dir=\"ltr\">La candidata a diputada provincial por el Frente de Todos, Mariela Quir\u00f3s, destac\u00f3 el impacto de las medidas de recuperaci\u00f3n econ\u00f3mica que implement\u00f3 el Gobierno provincial y que se ver\u00e1n reflejadas en la reactivaci\u00f3n de los comercios chaque\u00f1os.<\/p>\n<p>Candidatas y candidatos del Frente de Todos Chaco contin\u00faan las recorridas por distintos barrios y localidades de la provincia del Chaco. En ese marco, la candidata a diputada provincial, Mariela Quir\u00f3s destac\u00f3 las medidas econ\u00f3micas impulsadas por el Gobierno provincial que conduce Jorge Capitanich.<\/p>\n<p>\u201cSon medidas necesarias que, por un lado, sirven para devolver solvencia a los bolsillos chaque\u00f1os, y por otro aportan tranquilidad y dinamismo a la actividad comercial\u201d, asegur\u00f3 Quir\u00f3s, quien adem\u00e1s afirm\u00f3 que \u201cen el di\u00e1logo con los trabajadores y los propietarios de locales comerciales registramos sus inquietudes y analizamos el impacto de las medidas implementadas por el Gobierno provincial\u201d.<\/p>\n<p>\u201cEl control de precios supone cuidar los bolsillos de los trabajadores y trabajadoras. El compromiso del Gobierno es implementar pol\u00edticas que, en un marco econ\u00f3mico complicado, recuperen el poder adquisitivo de los trabajadores. Y eso es lo que estamos haciendo\u201d, se\u00f1al\u00f3.<\/p>\n<p>Por otra parte, la candidata del Frente de Todos remarc\u00f3 que \u201ces importante que los chaque\u00f1os y las chaque\u00f1as sientan que los escuchamos\u201d. \u201cSabemos que falta mucho por hacer, no somos necios, y tambi\u00e9n sabemos que somos la \u00fanica garant\u00eda de reactivaci\u00f3n, de generaci\u00f3n de empleo y concreci\u00f3n de derechos\u201d, asegur\u00f3 Mariela Quir\u00f3s.<\/p><\/div>\n","protected":false},"excerpt":{"rendered":"<p>La candidata a diputada provincial por el Frente de Todos, Mariela Quir\u00f3s, destac\u00f3 el impacto de las medidas de recuperaci\u00f3n econ\u00f3mica que implement\u00f3 el Gobierno provincial y que se ver\u00e1n reflejadas en la reactivaci\u00f3n de los comercios chaque\u00f1os. Candidatas y candidatos del Frente de Todos Chaco contin\u00faan las recorridas por distintos barrios y localidades de [&hellip;]<\/p>\n","protected":false},"author":1,"featured_media":12527,"comment_status":"closed","ping_status":"closed","sticky":false,"template":"","format":"standard","meta":{"footnotes":""},"categories":[6],"tags":[],"class_list":{"0":"post-12526","1":"post","2":"type-post","3":"status-publish","4":"format-standard","5":"has-post-thumbnail","7":"category-chaco"},"_links":{"self":[{"href":"https:\/\/chacosintesis.com.ar\/index.php\/wp-json\/wp\/v2\/posts\/12526","targetHints":{"allow":["GET"]}}],"collection":[{"href":"https:\/\/chacosintesis.com.ar\/index.php\/wp-json\/wp\/v2\/posts"}],"about":[{"href":"https:\/\/chacosintesis.com.ar\/index.php\/wp-json\/wp\/v2\/types\/post"}],"author":[{"embeddable":true,"href":"https:\/\/chacosintesis.com.ar\/index.php\/wp-json\/wp\/v2\/users\/1"}],"replies":[{"embeddable":true,"href":"https:\/\/chacosintesis.com.ar\/index.php\/wp-json\/wp\/v2\/comments?post=12526"}],"version-history":[{"count":0,"href":"https:\/\/chacosintesis.com.ar\/index.php\/wp-json\/wp\/v2\/posts\/12526\/revisions"}],"wp:featuredmedia":[{"embeddable":true,"href":"https:\/\/chacosintesis.com.ar\/index.php\/wp-json\/wp\/v2\/media\/12527"}],"wp:attachment":[{"href":"https:\/\/chacosintesis.com.ar\/index.php\/wp-json\/wp\/v2\/media?parent=12526"}],"wp:term":[{"taxonomy":"category","embeddable":true,"href":"https:\/\/chacosintesis.com.ar\/index.php\/wp-json\/wp\/v2\/categories?post=12526"},{"taxonomy":"post_tag","embeddable":true,"href":"https:\/\/chacosintesis.com.ar\/index.php\/wp-json\/wp\/v2\/tags?post=12526"}],"curies":[{"name":"wp","href":"https:\/\/api.w.org\/{rel}","templated":true}]}}