{"id":12516,"date":"2021-10-27T08:38:14","date_gmt":"2021-10-27T11:38:14","guid":{"rendered":"https:\/\/chacosintesis.com.ar\/?p=12516"},"modified":"2021-10-27T09:07:02","modified_gmt":"2021-10-27T12:07:02","slug":"chaco-aplicara-la-tercera-dosis-de-sinopharm","status":"publish","type":"post","link":"https:\/\/chacosintesis.com.ar\/index.php\/chaco-aplicara-la-tercera-dosis-de-sinopharm\/","title":{"rendered":"Chaco aplicar\u00e1 la tercera dosis de Sinopharm"},"content":{"rendered":"<div dir=\"ltr\">El Ministerio de Salud P\u00fablica de la Provincia confirm\u00f3 que se avanzar\u00e1 en el Chaco con la aplicaci\u00f3n de una tercera dosis de la vacuna Sinopharm, en l\u00ednea con los anuncios de la cartera sanitaria nacional, basados en las recomendaciones cient\u00edficas internacionales y de la Comisi\u00f3n Asesora de Inmunizaciones.<\/p>\n<p>A trav\u00e9s de sus redes sociales, el \u00e1rea que conduce Carolina Centeno inform\u00f3 que el refuerzo estar\u00e1 destinado a personas mayores de 3 a\u00f1os inmunocomprometidas (considerados de riesgo) y a mayores de 50 a\u00f1os, buscando garantizar un nivel de defensa sostenido por mayor tiempo contra la enfermedad COVID-19.<\/p>\n<p>\u201cFrente a la disponibilidad de la vacuna, pr\u00f3ximamente se informar\u00e1 el avance en la aplicaci\u00f3n del refuerzo, lo cual es imprescindible ante su seguridad y eficacia\u201d, indica el comunicado.<\/p>\n<p>Vacunas disponibles<\/p>\n<p>La titular de la cartera sanitaria del Chaco agreg\u00f3 que \u201cen las pr\u00f3ximas semanas se iniciar\u00e1 el protocolo de trabajo para poder comenzar con esta aplicaci\u00f3n\u201d. Record\u00f3 que \u201cactualmente tenemos habilitadas las postas fijas y m\u00f3viles, adem\u00e1s de los centros de salud con la vacunaci\u00f3n de Sinopharm para ni\u00f1os y ni\u00f1as de 3 a 11 a\u00f1os. Las vacunas siguen estando disponibles en estos espacios en toda la provincia\u201d.<\/p>\n<p>Centeno explic\u00f3 que el anuncio realizado por el Ministerio de Salud de la Naci\u00f3n est\u00e1 basado en la evaluaci\u00f3n de la Comisi\u00f3n Asesora de Inmunizaciones y sigue las recomendaciones cient\u00edficas internacionales, ya que \u201cse ha visto que es necesaria la colocaci\u00f3n de una tercera dosis de Sinopharm, principalmente destinada a aquellos inmunocomprometidos mayores de 3 a\u00f1os y particularmente a los mayores de 50 a\u00f1os que hayan recibido esta vacuna\u201d.<\/p>\n<p>\u201cLa vacuna Sinopharm demostr\u00f3 ser una vacuna altamente eficaz y segura, y esto no significa que la vacuna sea menor o no sea efectiva; lo que se ha visto es que para sostener el nivel de defensas a largo plazo es necesario complementar con una tercera dosis, que veremos c\u00f3mo se instrumenta operativamente en los pr\u00f3ximos d\u00edas a partir de las directrices del Ministerio de Salud de la Naci\u00f3n\u201d, agreg\u00f3 la funcionaria.<\/p>\n<p>Estrategias de refuerzo<\/p>\n<p>\u00a0<\/p>\n<p>\u201cComo Ministerio tenemos la misi\u00f3n de comunicar a la poblaci\u00f3n comprendida por esta tercera dosis, la importancia de su aplicaci\u00f3n, y organizar c\u00f3mo vamos a operativizar la aplicaci\u00f3n de esta nueva dosis de Sinopharm\u201d, enfatiz\u00f3. \u201cLa estrategia a nivel pa\u00eds sigue teniendo como prioridad completar esquemas para luego pensar en los refuerzos que seguramente llegar\u00e1n en 2022\u201d, destac\u00f3.<\/p>\n<p>En tal sentido, Centeno relat\u00f3 que \u201ctambi\u00e9n la ministra Vizzotti fue clara en la posibilidad de un eventual refuerzo, mal llamado tercera dosis, para personas vacunadas con otros esquemas que no fueran Sinopharm, que se pueda empezar a tratar a partir de diciembre a enero de 2022\u201d.<\/p>\n<p>\u201cEl refuerzo es una estrategia que se utiliza tambi\u00e9n en otras vacunas del calendario: a una persona que tiene un esquema b\u00e1sico se le da una dosis que ayuda a recordar en el cuerpo que ha sido vacunado en alg\u00fan momento y genera un nivel de anticuerpos suficiente como para estar protegido contra una enfermedad, en este caso, el coronavirus\u201d, explic\u00f3. A su vez, Centeno destac\u00f3 la importancia de la Campa\u00f1a de Vacunaci\u00f3n Provincial contra el COVID-19, que \u201cpermite contar con los niveles epidemiol\u00f3gicos actuales, que marcan un n\u00famero bajo de casos y de internaciones\u201d, concluy\u00f3.<\/div>\n","protected":false},"excerpt":{"rendered":"<p>El Ministerio de Salud P\u00fablica de la Provincia confirm\u00f3 que se avanzar\u00e1 en el Chaco con la aplicaci\u00f3n de una tercera dosis de la vacuna Sinopharm, en l\u00ednea con los anuncios de la cartera sanitaria nacional, basados en las recomendaciones cient\u00edficas internacionales y de la Comisi\u00f3n Asesora de Inmunizaciones. A trav\u00e9s de sus redes sociales, [&hellip;]<\/p>\n","protected":false},"author":1,"featured_media":12517,"comment_status":"closed","ping_status":"closed","sticky":false,"template":"","format":"standard","meta":{"footnotes":""},"categories":[6],"tags":[],"class_list":{"0":"post-12516","1":"post","2":"type-post","3":"status-publish","4":"format-standard","5":"has-post-thumbnail","7":"category-chaco"},"_links":{"self":[{"href":"https:\/\/chacosintesis.com.ar\/index.php\/wp-json\/wp\/v2\/posts\/12516","targetHints":{"allow":["GET"]}}],"collection":[{"href":"https:\/\/chacosintesis.com.ar\/index.php\/wp-json\/wp\/v2\/posts"}],"about":[{"href":"https:\/\/chacosintesis.com.ar\/index.php\/wp-json\/wp\/v2\/types\/post"}],"author":[{"embeddable":true,"href":"https:\/\/chacosintesis.com.ar\/index.php\/wp-json\/wp\/v2\/users\/1"}],"replies":[{"embeddable":true,"href":"https:\/\/chacosintesis.com.ar\/index.php\/wp-json\/wp\/v2\/comments?post=12516"}],"version-history":[{"count":0,"href":"https:\/\/chacosintesis.com.ar\/index.php\/wp-json\/wp\/v2\/posts\/12516\/revisions"}],"wp:featuredmedia":[{"embeddable":true,"href":"https:\/\/chacosintesis.com.ar\/index.php\/wp-json\/wp\/v2\/media\/12517"}],"wp:attachment":[{"href":"https:\/\/chacosintesis.com.ar\/index.php\/wp-json\/wp\/v2\/media?parent=12516"}],"wp:term":[{"taxonomy":"category","embeddable":true,"href":"https:\/\/chacosintesis.com.ar\/index.php\/wp-json\/wp\/v2\/categories?post=12516"},{"taxonomy":"post_tag","embeddable":true,"href":"https:\/\/chacosintesis.com.ar\/index.php\/wp-json\/wp\/v2\/tags?post=12516"}],"curies":[{"name":"wp","href":"https:\/\/api.w.org\/{rel}","templated":true}]}}