{"id":12508,"date":"2021-10-26T17:39:28","date_gmt":"2021-10-26T20:39:28","guid":{"rendered":"https:\/\/chacosintesis.com.ar\/?p=12508"},"modified":"2021-10-26T18:06:40","modified_gmt":"2021-10-26T21:06:40","slug":"capitanich-en-saenz-pena-se-reunio-con-estudiantes-de-uncaus-y-recorrio-el-edificio-de-la-federacion-de-colectividades","status":"publish","type":"post","link":"https:\/\/chacosintesis.com.ar\/index.php\/capitanich-en-saenz-pena-se-reunio-con-estudiantes-de-uncaus-y-recorrio-el-edificio-de-la-federacion-de-colectividades\/","title":{"rendered":"Capitanich en S\u00e1enz Pe\u00f1a: se reuni\u00f3 con estudiantes de Uncaus y recorri\u00f3 el edificio de la Federaci\u00f3n de Colectividades"},"content":{"rendered":"<div dir=\"ltr\">El gobernador Jorge Capitanich se reuni\u00f3, en la ma\u00f1ana de este martes, con estudiantes de la Universidad del Chaco Austral y adem\u00e1s recorri\u00f3 el edificio refaccionado de la Federaci\u00f3n de Colectividades Extranjeras durante su visita a S\u00e1enz Pe\u00f1a.<\/p>\n<p>A trav\u00e9s de sus redes sociales el gobernador Capitanich mencion\u00f3 que satisfacci\u00f3n por estar en el predio de la alta casa de estudios, \u201cuniversidad que construimos en mi anterior gesti\u00f3n, que abarca a 20.000 estudiantes y que hoy tienen la oportunidad de estudiar y construir su futuro en S\u00e1enz Pe\u00f1a, sin necesidad de irse a otra localidad\u201d.<\/p>\n<p>Durante su encuentro los alumnos de las distintas carreras le transmitieron distintas necesidades como por ejemplo la necesidad de refaccionar y ampliar la residencia estudiantil, el financiamiento para elementos de cada una de las carreras, fortalecimiento de atenci\u00f3n de unidades m\u00f3viles veterinarias, r\u00e9gimen de pasant\u00edas y financiamiento de tesis.<\/p>\n<p>\u201cApoyamos a cada estudiante para garantizar el funcionamiento y la accesibilidad al sistema educativo\u201d, asever\u00f3 Capitanich.<\/p>\n<p>Trabajo con las colectividades<\/p>\n<p>Por otra parte recorri\u00f3 el edificio refaccionado de la Federaci\u00f3n de Colectividades Extranjeras. \u201cEn la provincia tenemos 25 colectividades que queremos fortalecer\u201d, dijo Capitanich y valor\u00f3 que \u201cnuestra identidad pluriling\u00fce, multicultural y plurirreligiosa se ha construido a trav\u00e9s de cada una de las colectividades que llegaron a nuestra tierra\u201d.<\/p>\n<p>Record\u00f3 tambi\u00e9n que su abuela, por parte de madre, fue polaca \u201cy ella, como muchas personas m\u00e1s, nos transmitieron grandes valores y costumbres\u201d.<\/p>\n<p>\u201cNos comprometimos a trabajar conjuntamente para potenciar la cultura, la gastronomia, el turismo de nuestras colectividades para lograr la preservaci\u00f3n de la identidad y de nuestra cultura\u201d, mencion\u00f3.<\/p><\/div>\n","protected":false},"excerpt":{"rendered":"<p>El gobernador Jorge Capitanich se reuni\u00f3, en la ma\u00f1ana de este martes, con estudiantes de la Universidad del Chaco Austral y adem\u00e1s recorri\u00f3 el edificio refaccionado de la Federaci\u00f3n de Colectividades Extranjeras durante su visita a S\u00e1enz Pe\u00f1a. A trav\u00e9s de sus redes sociales el gobernador Capitanich mencion\u00f3 que satisfacci\u00f3n por estar en el predio [&hellip;]<\/p>\n","protected":false},"author":1,"featured_media":12509,"comment_status":"closed","ping_status":"closed","sticky":false,"template":"","format":"standard","meta":{"footnotes":""},"categories":[6],"tags":[],"class_list":{"0":"post-12508","1":"post","2":"type-post","3":"status-publish","4":"format-standard","5":"has-post-thumbnail","7":"category-chaco"},"_links":{"self":[{"href":"https:\/\/chacosintesis.com.ar\/index.php\/wp-json\/wp\/v2\/posts\/12508","targetHints":{"allow":["GET"]}}],"collection":[{"href":"https:\/\/chacosintesis.com.ar\/index.php\/wp-json\/wp\/v2\/posts"}],"about":[{"href":"https:\/\/chacosintesis.com.ar\/index.php\/wp-json\/wp\/v2\/types\/post"}],"author":[{"embeddable":true,"href":"https:\/\/chacosintesis.com.ar\/index.php\/wp-json\/wp\/v2\/users\/1"}],"replies":[{"embeddable":true,"href":"https:\/\/chacosintesis.com.ar\/index.php\/wp-json\/wp\/v2\/comments?post=12508"}],"version-history":[{"count":0,"href":"https:\/\/chacosintesis.com.ar\/index.php\/wp-json\/wp\/v2\/posts\/12508\/revisions"}],"wp:featuredmedia":[{"embeddable":true,"href":"https:\/\/chacosintesis.com.ar\/index.php\/wp-json\/wp\/v2\/media\/12509"}],"wp:attachment":[{"href":"https:\/\/chacosintesis.com.ar\/index.php\/wp-json\/wp\/v2\/media?parent=12508"}],"wp:term":[{"taxonomy":"category","embeddable":true,"href":"https:\/\/chacosintesis.com.ar\/index.php\/wp-json\/wp\/v2\/categories?post=12508"},{"taxonomy":"post_tag","embeddable":true,"href":"https:\/\/chacosintesis.com.ar\/index.php\/wp-json\/wp\/v2\/tags?post=12508"}],"curies":[{"name":"wp","href":"https:\/\/api.w.org\/{rel}","templated":true}]}}