{"id":12506,"date":"2021-10-26T10:32:01","date_gmt":"2021-10-26T13:32:01","guid":{"rendered":"https:\/\/chacosintesis.com.ar\/?p=12506"},"modified":"2021-10-26T10:37:06","modified_gmt":"2021-10-26T13:37:06","slug":"polini-el-14-de-noviembre-daremos-el-primer-paso-hacia-un-chaco-y-una-argentina-mejor-para-todos","status":"publish","type":"post","link":"https:\/\/chacosintesis.com.ar\/index.php\/polini-el-14-de-noviembre-daremos-el-primer-paso-hacia-un-chaco-y-una-argentina-mejor-para-todos\/","title":{"rendered":"Polini: &#8220;EL 14 de Noviembre daremos el primer paso hacia un Chaco y una Argentina mejor para todos&#8221;"},"content":{"rendered":"<div dir=\"ltr\">El candidato a diputado nacional de Chaco Cambia, Lista 503, \u00a0Juan Carlos Polini visit\u00f3 a vecinos de los barrios Carpincho Macho \u00a0y Aramburu de Resistencia con el objetivo de escuchar \u00a0sus inquietudes y compartir propuestas. Dialog\u00f3 con comerciantes, familias de la zona, j\u00f3venes, trabajadores de la educaci\u00f3n, salud y seguridad. <\/p>\n<p>Haciendo un balance de la visita, Polini remarc\u00f3 el deseo de una gran mayor\u00eda de \u00a0chaque\u00f1os de cambiar la realidad en la que viven \u201cLos barrios alejados del centro de Resistencia est\u00e1n abandonados, calles intransitables, con agua servida, sin iluminaci\u00f3n condici\u00f3n que alienta los hechos de inseguridad, este es el resultado de un gobierno municipal y provincial ausente, pese a tener una de las coparticipaciones m\u00e1s altas del pa\u00eds las necesidades b\u00e1sicas siguen sin resolverse\u201d<\/p>\n<p>Los j\u00f3venes<\/p>\n<p>Tambi\u00e9n se refiri\u00f3 a la situaci\u00f3n de los j\u00f3venes \u201cEs preocupante, 7 de cada 10 j\u00f3venes si pudiesen se ir\u00edan del Chaco y del pa\u00eds porque no tienen oportunidades, no ven una salida a la realizaci\u00f3n de sus proyectos profesionales y de vida, esto debe cambiar, m\u00e1s all\u00e1 de las ideolog\u00edas no podemos permitir que quienes representan el presente y futuro de nuestro pa\u00eds y nuestra provincia se vayan, los j\u00f3venes nos sacar\u00e1n de esta postergaci\u00f3n que vivimos, por eso una de nuestras propuestas tiene que ver con el programa mi primer empleo que incluye capacitaci\u00f3n en las \u00e1reas que demanda el nuevo mundo en que vivimos y salida laboral, el cambio est\u00e1 en marcha, el 14 de noviembre daremos el primer paso hacia un Chaco y una Argentina mejor para todos\u201d<\/p><\/div>\n","protected":false},"excerpt":{"rendered":"<p>El candidato a diputado nacional de Chaco Cambia, Lista 503, \u00a0Juan Carlos Polini visit\u00f3 a vecinos de los barrios Carpincho Macho \u00a0y Aramburu de Resistencia con el objetivo de escuchar \u00a0sus inquietudes y compartir propuestas. Dialog\u00f3 con comerciantes, familias de la zona, j\u00f3venes, trabajadores de la educaci\u00f3n, salud y seguridad. Haciendo un balance de la [&hellip;]<\/p>\n","protected":false},"author":1,"featured_media":12507,"comment_status":"closed","ping_status":"closed","sticky":false,"template":"","format":"standard","meta":{"footnotes":""},"categories":[6],"tags":[],"class_list":{"0":"post-12506","1":"post","2":"type-post","3":"status-publish","4":"format-standard","5":"has-post-thumbnail","7":"category-chaco"},"_links":{"self":[{"href":"https:\/\/chacosintesis.com.ar\/index.php\/wp-json\/wp\/v2\/posts\/12506","targetHints":{"allow":["GET"]}}],"collection":[{"href":"https:\/\/chacosintesis.com.ar\/index.php\/wp-json\/wp\/v2\/posts"}],"about":[{"href":"https:\/\/chacosintesis.com.ar\/index.php\/wp-json\/wp\/v2\/types\/post"}],"author":[{"embeddable":true,"href":"https:\/\/chacosintesis.com.ar\/index.php\/wp-json\/wp\/v2\/users\/1"}],"replies":[{"embeddable":true,"href":"https:\/\/chacosintesis.com.ar\/index.php\/wp-json\/wp\/v2\/comments?post=12506"}],"version-history":[{"count":0,"href":"https:\/\/chacosintesis.com.ar\/index.php\/wp-json\/wp\/v2\/posts\/12506\/revisions"}],"wp:featuredmedia":[{"embeddable":true,"href":"https:\/\/chacosintesis.com.ar\/index.php\/wp-json\/wp\/v2\/media\/12507"}],"wp:attachment":[{"href":"https:\/\/chacosintesis.com.ar\/index.php\/wp-json\/wp\/v2\/media?parent=12506"}],"wp:term":[{"taxonomy":"category","embeddable":true,"href":"https:\/\/chacosintesis.com.ar\/index.php\/wp-json\/wp\/v2\/categories?post=12506"},{"taxonomy":"post_tag","embeddable":true,"href":"https:\/\/chacosintesis.com.ar\/index.php\/wp-json\/wp\/v2\/tags?post=12506"}],"curies":[{"name":"wp","href":"https:\/\/api.w.org\/{rel}","templated":true}]}}