{"id":12504,"date":"2021-10-26T10:00:11","date_gmt":"2021-10-26T13:00:11","guid":{"rendered":"https:\/\/chacosintesis.com.ar\/?p=12504"},"modified":"2021-10-26T10:06:47","modified_gmt":"2021-10-26T13:06:47","slug":"chaco-por-ahora-libre-de-la-cepa-delta-pero-en-alerta","status":"publish","type":"post","link":"https:\/\/chacosintesis.com.ar\/index.php\/chaco-por-ahora-libre-de-la-cepa-delta-pero-en-alerta\/","title":{"rendered":"Chaco, por ahora, libre de la cepa Delta pero en alerta"},"content":{"rendered":"<div dir=\"ltr\">Desde el ministerio de salud confirmaron que a\u00fan no se han registrados casos en la provincia, pero estiman que \u201ces cuesti\u00f3n de tiempo\u201d. La vigilancia, no obstante, es permanente.<\/p>\n<p>En el marco de la nueva normalidad que permite la pospandemia, y con los indicadores que monitorean la evoluci\u00f3n del COVID-19 en constante mejor\u00eda desde hace al menos dos meses; el Chaco se mantiene libre de la variante Delta del Sars Cov-2, pero el monitoreo de los casos nuevos m\u00e1s la vigilancia y seguimiento fundamentalmente a las personas que ingresan a la provincia son permanentes. <\/p>\n<p>El dato no es menor. Hay que tener en cuenta que, seg\u00fan un cable de la Agencia T\u00e9lam de ayer, la prevalencia de la variante Delta de coronavirus contin\u00faa avanzando en el \u00c1rea Metropolitana de Buenos Aires (AMBA) y en CABA representa un 35,9% de las muestras estudiadas. Aunque de momento no se reporta un aumento en las notificaciones de contagios en general, los especialistas que destacaron la importancia de seguir avanzando con el Plan de Vacunaci\u00f3n.<\/p>\n<p>&quot;Lo que observamos en la Ciudad de Buenos Aires es que en las semanas 37 y 38 (hasta el 25 de septiembre) la variante Delta alcanz\u00f3 el 35,9% de las muestras que secuenciamos, igualando la prevalencia de la variante Gamma (que se origin\u00f3 en Manaos) que hasta el momento era la predominante&quot;, explic\u00f3 a T\u00e9lam el vir\u00f3logo e investigador Humberto Debat.<\/p>\n<p>Debat, integrante del Proyecto Argentino Interinstitucional de Gen\u00f3mica de SARS-CoV-2 (PAIS), a\u00f1adi\u00f3 que en el mismo per\u00edodo en la provincia de Buenos Aires &quot;la Delta alcanz\u00f3 una prevalencia del 37,5%, mientras que Gamma sigue siendo mayoritaria (56,3%) y Lambda (Andina) qued\u00f3 en un 6,3%&quot;.<\/p>\n<p>El investigador se\u00f1al\u00f3 que otra provincia donde est\u00e1 aumentando la variante Delta es en Santa Fe, &quot;donde al 25 de septiembre llegaba al 25% de las muestras analizadas&quot;, en tanto que en la provincia de C\u00f3rdoba se encontraba en el 4,9%.<\/p>\n<p>Monitoero permanente<\/p>\n<p>En la provincia, no hab\u00eda, hasta ayer, casos confirmados con la variante Delta. Seg\u00fan pudo saber NORTE, las autoridades sanitarias entienden el escenario es insostenible en el mediano plazo y \u201ces cuesti\u00f3n de tiempo\u201d el desembarco de la cepa originaria de la India en el Chaco. <\/p>\n<p>Incluso, la directora de Epidemiolog\u00eda del Ministerio de Salud, Mar\u00eda Elisa Flores, indic\u00f3 a este matutino que \u201cpuede que est\u00e9 dando vuelta pero todav\u00eda no la hayamos encontrado\u201d. <\/p>\n<p>En ese sentido, remarc\u00f3 que \u201cestamos haciendo la secuenciaci\u00f3n de las muestras que se pueden hacer, para ver las diferentes variantes que hay, pero hasta ahora no hemos encontrado ninguna Delta\u201d.<\/p>\n<p>&quot;Las muestras, para poder secuenciar, deben tener determinadas caracter\u00edsticas, no todos los casos positivos son aptos para esto; dentro de las que se pueden secuenciar, se hacen pero hasta ahora no tuvimos Delta\u201d, sum\u00f3. <\/p>\n<p>De todas maneras, asegur\u00f3 que \u201cse sigue vigilando constantemente, sobre todos a los viajeros que llegan del exterior, con test de ant\u00edgenos y PCR, como en todo el pa\u00eds; hasta con resultados negativos para esa cepa\u201d.<\/p>\n<p>&quot;Todav\u00eda no la encontramos, pero tarde o temprano va a comenzar a circular por eso no podemos dejar de vigilar y de cuidarnos\u201d, cerr\u00f3.<\/p>\n<p>DIARIO NORTE.-<\/p>\n<div><\/div>\n<\/div>\n","protected":false},"excerpt":{"rendered":"<p>Desde el ministerio de salud confirmaron que a\u00fan no se han registrados casos en la provincia, pero estiman que \u201ces cuesti\u00f3n de tiempo\u201d. La vigilancia, no obstante, es permanente. En el marco de la nueva normalidad que permite la pospandemia, y con los indicadores que monitorean la evoluci\u00f3n del COVID-19 en constante mejor\u00eda desde hace [&hellip;]<\/p>\n","protected":false},"author":1,"featured_media":12505,"comment_status":"closed","ping_status":"closed","sticky":false,"template":"","format":"standard","meta":{"footnotes":""},"categories":[6],"tags":[60],"class_list":{"0":"post-12504","1":"post","2":"type-post","3":"status-publish","4":"format-standard","5":"has-post-thumbnail","7":"category-chaco","8":"tag-featured"},"_links":{"self":[{"href":"https:\/\/chacosintesis.com.ar\/index.php\/wp-json\/wp\/v2\/posts\/12504","targetHints":{"allow":["GET"]}}],"collection":[{"href":"https:\/\/chacosintesis.com.ar\/index.php\/wp-json\/wp\/v2\/posts"}],"about":[{"href":"https:\/\/chacosintesis.com.ar\/index.php\/wp-json\/wp\/v2\/types\/post"}],"author":[{"embeddable":true,"href":"https:\/\/chacosintesis.com.ar\/index.php\/wp-json\/wp\/v2\/users\/1"}],"replies":[{"embeddable":true,"href":"https:\/\/chacosintesis.com.ar\/index.php\/wp-json\/wp\/v2\/comments?post=12504"}],"version-history":[{"count":0,"href":"https:\/\/chacosintesis.com.ar\/index.php\/wp-json\/wp\/v2\/posts\/12504\/revisions"}],"wp:featuredmedia":[{"embeddable":true,"href":"https:\/\/chacosintesis.com.ar\/index.php\/wp-json\/wp\/v2\/media\/12505"}],"wp:attachment":[{"href":"https:\/\/chacosintesis.com.ar\/index.php\/wp-json\/wp\/v2\/media?parent=12504"}],"wp:term":[{"taxonomy":"category","embeddable":true,"href":"https:\/\/chacosintesis.com.ar\/index.php\/wp-json\/wp\/v2\/categories?post=12504"},{"taxonomy":"post_tag","embeddable":true,"href":"https:\/\/chacosintesis.com.ar\/index.php\/wp-json\/wp\/v2\/tags?post=12504"}],"curies":[{"name":"wp","href":"https:\/\/api.w.org\/{rel}","templated":true}]}}