{"id":12502,"date":"2021-10-26T09:52:40","date_gmt":"2021-10-26T12:52:40","guid":{"rendered":"https:\/\/chacosintesis.com.ar\/?p=12502"},"modified":"2021-10-26T10:02:58","modified_gmt":"2021-10-26T13:02:58","slug":"el-frente-de-todos-chaco-recordara-a-nestor-kirchner-con-un-acto-este-miercoles-27-en-el-club-sarmiento","status":"publish","type":"post","link":"https:\/\/chacosintesis.com.ar\/index.php\/el-frente-de-todos-chaco-recordara-a-nestor-kirchner-con-un-acto-este-miercoles-27-en-el-club-sarmiento\/","title":{"rendered":"El Frente de Todos Chaco recordar\u00e1 a N\u00e9stor Kirchner con un acto este mi\u00e9rcoles 27 en el Club Sarmiento"},"content":{"rendered":"<div dir=\"ltr\">El cierre estar\u00e1 encabezado por el gobernador Jorge Capitanich. Participar\u00e1n candidatas y candidatos de la Lista 501.<br \/>El Frente de Todos Chaco convoca al acto para recordar al ex presidente N\u00e9stor Kirchner, a 11 a\u00f1os de su fallecimiento. El encuentro ser\u00e1 este mi\u00e9rcoles 27 de octubre, desde las 19 horas en la cancha de Hockey ubicada en el estadio del Club Sarmiento, en avenida Alvear 1977 de la ciudad de Resistencia. <br \/>\u00a0<br \/>El cierre ser\u00e1 encabezado por el gobernador Jorge Capitanich, quien pronunciar\u00e1 un discurso recordando a quien fuera presidente de la Naci\u00f3n entre 2003 y 2007, luego de una de las crisis m\u00e1s graves a nivel pol\u00edtico, econ\u00f3mico y social de la historia contempor\u00e1nea argentina. \u00a0<br \/>\u00a0<br \/>Participar\u00e1n las y los candidatos a diputados nacionales Juan Manuel Pedrini, Mar\u00eda Luisa Chomiak, Fabricio Bolatti y Silvana Cabrera. Y las y los candidatos a diputados provinciales Mariela Quir\u00f3s, Rodrigo Ocampo, Paola Ben\u00edtez, Atlanto Honcheruk, Gricelda Ojeda, Juanjo Bergia, Andrea Charole, Juan Carlos Ayala, Liliana Spoljaric, Toto Castillo, Alicia Torres, Roberto Bracone, Mariela Guerra, Tom\u00e1s Benedetto, Luciana Delgado y Gustavo D\u2019 Alessandro. Todas y todos de la Lista 501. \u00a0 <br \/>\u00a0<br \/>Este evento se suma a los encuentros que realizar\u00e1 el Frente de Todos a lo largo de todo el pa\u00eds, cuyo acto central ser\u00e1 en el Club Deportivo Mor\u00f3n, donde estar\u00e1 presente el presidente Alberto Fern\u00e1ndez, y el presidente del bloque del Frente de Todos en Diputados, M\u00e1ximo Kirchner, junto a las y los dirigentes m\u00e1s importantes del espacio. <br \/>\u00a0<br \/>N\u00e9stor Kirchner fue una figura central para el desarrollo de la provincia del Chaco, ya que promovi\u00f3 la generaci\u00f3n de pol\u00edticas p\u00fablicas claves para el desarrollo en materia de infraestructura tales como el segundo acueducto del interior &#8211; que llevar\u00e1 su nombre &#8211; , adem\u00e1s de rutas, centros de salud, viviendas, y otras iniciativas con mirada federal. <br \/>\u00a0<br \/>Su llegada a la presidencia de la mano del Frente para la Victoria fue un antecedente hist\u00f3rico para la construcci\u00f3n de la llamada \u201cD\u00e9cada ganada\u201d, un per\u00edodo de crecimiento econ\u00f3mico y de ampliaci\u00f3n de derechos in\u00e9dito en la historia argentina, que hoy tiene su continuidad en el proyecto pol\u00edtico del Frente de Todos.<\/p>\n<div><\/div>\n<\/div>\n","protected":false},"excerpt":{"rendered":"<p>El cierre estar\u00e1 encabezado por el gobernador Jorge Capitanich. Participar\u00e1n candidatas y candidatos de la Lista 501.El Frente de Todos Chaco convoca al acto para recordar al ex presidente N\u00e9stor Kirchner, a 11 a\u00f1os de su fallecimiento. El encuentro ser\u00e1 este mi\u00e9rcoles 27 de octubre, desde las 19 horas en la cancha de Hockey ubicada [&hellip;]<\/p>\n","protected":false},"author":1,"featured_media":12503,"comment_status":"closed","ping_status":"closed","sticky":false,"template":"","format":"standard","meta":{"footnotes":""},"categories":[6],"tags":[],"class_list":{"0":"post-12502","1":"post","2":"type-post","3":"status-publish","4":"format-standard","5":"has-post-thumbnail","7":"category-chaco"},"_links":{"self":[{"href":"https:\/\/chacosintesis.com.ar\/index.php\/wp-json\/wp\/v2\/posts\/12502","targetHints":{"allow":["GET"]}}],"collection":[{"href":"https:\/\/chacosintesis.com.ar\/index.php\/wp-json\/wp\/v2\/posts"}],"about":[{"href":"https:\/\/chacosintesis.com.ar\/index.php\/wp-json\/wp\/v2\/types\/post"}],"author":[{"embeddable":true,"href":"https:\/\/chacosintesis.com.ar\/index.php\/wp-json\/wp\/v2\/users\/1"}],"replies":[{"embeddable":true,"href":"https:\/\/chacosintesis.com.ar\/index.php\/wp-json\/wp\/v2\/comments?post=12502"}],"version-history":[{"count":0,"href":"https:\/\/chacosintesis.com.ar\/index.php\/wp-json\/wp\/v2\/posts\/12502\/revisions"}],"wp:featuredmedia":[{"embeddable":true,"href":"https:\/\/chacosintesis.com.ar\/index.php\/wp-json\/wp\/v2\/media\/12503"}],"wp:attachment":[{"href":"https:\/\/chacosintesis.com.ar\/index.php\/wp-json\/wp\/v2\/media?parent=12502"}],"wp:term":[{"taxonomy":"category","embeddable":true,"href":"https:\/\/chacosintesis.com.ar\/index.php\/wp-json\/wp\/v2\/categories?post=12502"},{"taxonomy":"post_tag","embeddable":true,"href":"https:\/\/chacosintesis.com.ar\/index.php\/wp-json\/wp\/v2\/tags?post=12502"}],"curies":[{"name":"wp","href":"https:\/\/api.w.org\/{rel}","templated":true}]}}