{"id":124879,"date":"2025-09-25T11:06:25","date_gmt":"2025-09-25T14:06:25","guid":{"rendered":"https:\/\/chacosintesis.com.ar\/index.php\/belen-de-dolores-fonzi-fue-la-pelicula-seleccionada-para-representar-a-argentina-en-los-premios-oscar-2026_a68d53f2ae4add709337bd071\/"},"modified":"2025-09-25T11:06:25","modified_gmt":"2025-09-25T14:06:25","slug":"belen-de-dolores-fonzi-fue-la-pelicula-seleccionada-para-representar-a-argentina-en-los-premios-oscar-2026_a68d53f2ae4add709337bd071","status":"publish","type":"post","link":"https:\/\/chacosintesis.com.ar\/index.php\/belen-de-dolores-fonzi-fue-la-pelicula-seleccionada-para-representar-a-argentina-en-los-premios-oscar-2026_a68d53f2ae4add709337bd071\/","title":{"rendered":"\u201cBel\u00e9n\u201c de Dolores Fonzi fue la pel\u00edcula seleccionada para representar a Argentina en los Premios Oscar 2026"},"content":{"rendered":"<p><\/p>\n<div itemprop=\"articleBody\">\n<p>&#8220;<strong>Bel\u00e9n<\/strong>\u201d, el nuevo film de <strong>Dolores Fonzi<\/strong> basado en un caso real que impact\u00f3 al pa\u00eds, es el elegido para representar a Argentina en los prestigiosos <strong>Premios Oscar 2026<\/strong> y <strong>Goya<\/strong>. La pel\u00edcula se encuentra disponible en carteleras de cine y pr\u00f3ximamente se estrenar\u00e1 mundialmente en la plataforma <strong>Prime Video<\/strong>.<\/p>\n<figure class=\"multimedia\" data-html=\"\" data-tadevel-template=\"web\/multimedia\" data-type=\"rich\" data-url=\"https:\/\/noticiasargentinas.com\/espectaculos\/se-estreno--belen---la-nueva-pelicula-argentina-que-promete-ser-un-exito-internacional_a68ca8dad54e0d9bef32d485b\"><figcaption class=\"caption\">\n<p>Se estren\u00f3 \u201cBel\u00e9n\u201d, la nueva pel\u00edcula argentina que promete ser un \u00e9xito internacional<\/p>\n<\/figcaption><\/figure>\n<\/p>\n<p>El largometraje de Fonzi, su segundo proyecto como directora, se superpuso por sobre otros estrenos recientes, como <strong>\u201cLa Mujer de la Fila\u201d<\/strong><span> (Benjam\u00edn \u00c1vila), <strong>Homo Argentum<\/strong> (Mariano Cohn y Gast\u00f3n Duprat), y <\/span><strong>\u201cAlgo Viejo, Algo Nuevo, Algo Prestado\u201d<\/strong><span> (Hern\u00e1n Rosselli).<\/span><\/p>\n<p><tadevel-ad  class=\"block-4d\" slot-id=\"article-inline-01\"\/><\/p>\n<p><span>El anuncio fue emitido en un evento a cargo de la Academia de cine Argentina, del cual participaron numerosas figuras del espect\u00e1culo local. Entre ellas, <strong>Graciela Borges<\/strong>, quien fue la encargada de leer el sobre con la elecci\u00f3n de la pel\u00edcula.<\/span><\/p>\n<p><span>Adem\u00e1s de este reconocimiento, el film protagonizado por su directora<\/span><strong>, <\/strong>tambi\u00e9n fue elegido para formar parte<span> de la <\/span><strong>73\u00aa edici\u00f3n del Festival Internacional de Cine de San Sebasti\u00e1n<\/strong>, que se celebrar\u00e1 del 19 al 27 de septiembre en Espa\u00f1a.<\/p>\n<h4>De qu\u00e9 trata \u201cBel\u00e9n\u201d<\/h4>\n<p>La pel\u00edcula habla de un hecho ver\u00eddico que ocurri\u00f3 en la provincia de Tucum\u00e1n.\u00a0<\/p>\n<p>Una joven se present\u00f3 en la guardia de un hospital por dolores abdominales y, sin saber que estaba embarazada, se entera de que tuvo un aborto espont\u00e1neo. En un injusto hecho, los m\u00e9dicos la acusaron de haberse realizado un aborto, por lo que enfrenta cargos con la Justicia en una Argentina donde no hab\u00eda una ley que la ampare.<\/p>\n<p><tadevel-ad  class=\"block-4d\" slot-id=\"article-inline-02\"\/><\/p>\n<p>Con apoyo legal y activistas, lucha por justicia en un caso que podr\u00eda ser decisivo.<\/p>\n<\/div>\n<p><img decoding=\"async\" src=\"data:image\/gif;base64,R0lGODlhAQABAIAAAAAAAP\/\/\/ywAAAAAAQABAAACAUwAOw==\" fifu-lazy=\"1\" fifu-data-sizes=\"auto\" fifu-data-srcset=\"https:\/\/i2.wp.com\/chacosintesis.com.ar\/wp-content\/uploads\/2025\/09\/1758809185_504_Belen-de-Dolores-Fonzi-fue-la-pelicula-seleccionada-para-representar.jpeg?ssl=1&w=75&resize=75&ssl=1 75w, https:\/\/i2.wp.com\/chacosintesis.com.ar\/wp-content\/uploads\/2025\/09\/1758809185_504_Belen-de-Dolores-Fonzi-fue-la-pelicula-seleccionada-para-representar.jpeg?ssl=1&w=100&resize=100&ssl=1 100w, https:\/\/i2.wp.com\/chacosintesis.com.ar\/wp-content\/uploads\/2025\/09\/1758809185_504_Belen-de-Dolores-Fonzi-fue-la-pelicula-seleccionada-para-representar.jpeg?ssl=1&w=150&resize=150&ssl=1 150w, https:\/\/i2.wp.com\/chacosintesis.com.ar\/wp-content\/uploads\/2025\/09\/1758809185_504_Belen-de-Dolores-Fonzi-fue-la-pelicula-seleccionada-para-representar.jpeg?ssl=1&w=240&resize=240&ssl=1 240w, https:\/\/i2.wp.com\/chacosintesis.com.ar\/wp-content\/uploads\/2025\/09\/1758809185_504_Belen-de-Dolores-Fonzi-fue-la-pelicula-seleccionada-para-representar.jpeg?ssl=1&w=320&resize=320&ssl=1 320w, https:\/\/i2.wp.com\/chacosintesis.com.ar\/wp-content\/uploads\/2025\/09\/1758809185_504_Belen-de-Dolores-Fonzi-fue-la-pelicula-seleccionada-para-representar.jpeg?ssl=1&w=500&resize=500&ssl=1 500w, https:\/\/i2.wp.com\/chacosintesis.com.ar\/wp-content\/uploads\/2025\/09\/1758809185_504_Belen-de-Dolores-Fonzi-fue-la-pelicula-seleccionada-para-representar.jpeg?ssl=1&w=640&resize=640&ssl=1 640w, https:\/\/i2.wp.com\/chacosintesis.com.ar\/wp-content\/uploads\/2025\/09\/1758809185_504_Belen-de-Dolores-Fonzi-fue-la-pelicula-seleccionada-para-representar.jpeg?ssl=1&w=800&resize=800&ssl=1 800w, https:\/\/i2.wp.com\/chacosintesis.com.ar\/wp-content\/uploads\/2025\/09\/1758809185_504_Belen-de-Dolores-Fonzi-fue-la-pelicula-seleccionada-para-representar.jpeg?ssl=1&w=1024&resize=1024&ssl=1 1024w, https:\/\/i2.wp.com\/chacosintesis.com.ar\/wp-content\/uploads\/2025\/09\/1758809185_504_Belen-de-Dolores-Fonzi-fue-la-pelicula-seleccionada-para-representar.jpeg?ssl=1&w=1280&resize=1280&ssl=1 1280w, https:\/\/i2.wp.com\/chacosintesis.com.ar\/wp-content\/uploads\/2025\/09\/1758809185_504_Belen-de-Dolores-Fonzi-fue-la-pelicula-seleccionada-para-representar.jpeg?ssl=1&w=1600&resize=1600&ssl=1 1600w\" fifu-data-src=\"https:\/\/i2.wp.com\/chacosintesis.com.ar\/wp-content\/uploads\/2025\/09\/1758809185_504_Belen-de-Dolores-Fonzi-fue-la-pelicula-seleccionada-para-representar.jpeg?ssl=1\"><\/p>\n<p>Noticias Argentinas<\/p>\n","protected":false},"excerpt":{"rendered":"<p>&#8220;Bel\u00e9n\u201d, el nuevo film de Dolores Fonzi basado en un caso real que impact\u00f3 al pa\u00eds, es el elegido para representar a Argentina en los prestigiosos Premios Oscar 2026 y Goya. La pel\u00edcula se encuentra disponible en carteleras de cine y pr\u00f3ximamente se estrenar\u00e1 mundialmente en la plataforma Prime Video. Se estren\u00f3 \u201cBel\u00e9n\u201d, la nueva [&hellip;]<\/p>\n","protected":false},"author":1,"featured_media":124890,"comment_status":"closed","ping_status":"","sticky":false,"template":"","format":"standard","meta":{"footnotes":""},"categories":[188],"tags":[],"class_list":{"0":"post-124879","1":"post","2":"type-post","3":"status-publish","4":"format-standard","5":"has-post-thumbnail","7":"category-farandula"},"_links":{"self":[{"href":"https:\/\/chacosintesis.com.ar\/index.php\/wp-json\/wp\/v2\/posts\/124879","targetHints":{"allow":["GET"]}}],"collection":[{"href":"https:\/\/chacosintesis.com.ar\/index.php\/wp-json\/wp\/v2\/posts"}],"about":[{"href":"https:\/\/chacosintesis.com.ar\/index.php\/wp-json\/wp\/v2\/types\/post"}],"author":[{"embeddable":true,"href":"https:\/\/chacosintesis.com.ar\/index.php\/wp-json\/wp\/v2\/users\/1"}],"replies":[{"embeddable":true,"href":"https:\/\/chacosintesis.com.ar\/index.php\/wp-json\/wp\/v2\/comments?post=124879"}],"version-history":[{"count":0,"href":"https:\/\/chacosintesis.com.ar\/index.php\/wp-json\/wp\/v2\/posts\/124879\/revisions"}],"wp:featuredmedia":[{"embeddable":true,"href":"https:\/\/chacosintesis.com.ar\/index.php\/wp-json\/wp\/v2\/media\/124890"}],"wp:attachment":[{"href":"https:\/\/chacosintesis.com.ar\/index.php\/wp-json\/wp\/v2\/media?parent=124879"}],"wp:term":[{"taxonomy":"category","embeddable":true,"href":"https:\/\/chacosintesis.com.ar\/index.php\/wp-json\/wp\/v2\/categories?post=124879"},{"taxonomy":"post_tag","embeddable":true,"href":"https:\/\/chacosintesis.com.ar\/index.php\/wp-json\/wp\/v2\/tags?post=124879"}],"curies":[{"name":"wp","href":"https:\/\/api.w.org\/{rel}","templated":true}]}}