{"id":12486,"date":"2021-10-25T18:23:27","date_gmt":"2021-10-25T21:23:27","guid":{"rendered":"https:\/\/chacosintesis.com.ar\/?p=12486"},"modified":"2021-10-25T18:38:58","modified_gmt":"2021-10-25T21:38:58","slug":"agua-potable-en-charata-sameep-comenzo-la-colocacion-de-los-primeros-80-medidores-en-domicilios","status":"publish","type":"post","link":"https:\/\/chacosintesis.com.ar\/index.php\/agua-potable-en-charata-sameep-comenzo-la-colocacion-de-los-primeros-80-medidores-en-domicilios\/","title":{"rendered":"Agua potable en Charata: Sameep comenz\u00f3 la colocaci\u00f3n de los primeros 80 medidores en domicilios"},"content":{"rendered":"<div dir=\"ltr\">A las 9100 conexiones que reciben agua a diario, se suma una demanda por otras 1000 m\u00e1s en barrios que, al momento de concretarse el tendido actual de redes domiciliarias, a\u00fan no exist\u00edan. Julio Ben\u00edtez, jefe de la Zona 3 de Sameep con base en Charata, detalla los pasos dados y lo que resta para poner en servicio a toda la red.<\/p>\n<p>Luego de confirmar el pasado viernes que el agua potable es apta para consumo humano en Charata, desde hoy Sameep inici\u00f3 una nueva etapa de la puesta en servicio del sistema de distribuci\u00f3n y de las conexiones en funcionamiento con la colocaci\u00f3n de medidores en aquellos domicilios que lo solicitaron. \u201cTenemos 80 medidores a ser conectados\u201d, precis\u00f3 Julio Ben\u00edtez, jefe de la Zona 3 de la empresa provincial con base en esa ciudad.<\/p>\n<p>En di\u00e1logo con Radio Provincia, desde Charata, especific\u00f3 que fueron habilitados en la ciudad dos lugares para entregar la documentaci\u00f3n y proceder a la colocaci\u00f3n de los medidores: en el Paseo del Sol y en la oficina de avenida G\u00fcemes 1040. \u201cEs muy buena la recepci\u00f3n de la poblaci\u00f3n. Esta es una zona muy sufrida con respecto al agua potable\u201d, sostuvo.<\/p>\n<p>\u201cTenemos dos cuadrillas en Charata para empezar a dar de alta a los clientes con sus respectivos medidores en distintas zonas de la ciudad\u201d, explic\u00f3 Ben\u00edtez, y dijo que ser\u00e1n \u201cdos semanas intensas de colocaci\u00f3n porque la gente se acerca permanentemente a las oficinas de Sameep\u201d.<\/p>\n<p>\u201cHace trece a\u00f1os estamos en esta zona. Este momento hist\u00f3rico que vivi\u00f3 Charata y que el sudoeste entero viene anhelando hace tanto tiempo, lo vivimos con mucha alegr\u00eda. Hace dos semanas el agua potable lleg\u00f3 a esta localidad. Hemos trabajado a partir del momento cero en el desarrollo de las redes de agua y a cada domicilio\u201d, describi\u00f3.<\/p>\n<p>En esa l\u00ednea, ampli\u00f3: \u201cHace dos semanas que tenemos un flujo permanente de llegada de agua a esta cisterna en Charata\u201d, revel\u00f3, y dijo que la ciudad es la \u00fanica de la regi\u00f3n que ten\u00eda el centro de distribuci\u00f3n y las redes domiciliarias listas para ser inauguradas al momento de ser abastecidas desde el segundo acueducto.<\/p>\n<p>\u201cEs un doble festejo porque tenemos el flujo de agua por la l\u00ednea del acueducto desde S\u00e1enz Pe\u00f1a hasta Charata directamente, y el sistema de conexiones, cajas y medidores que empezamos a colocar hoy\u201d, explic\u00f3. \u201cHay mucha gente que trabaj\u00f3 para que todo esto pueda estar preparado y pueda ocurrir lo que pas\u00f3 en estas dos \u00faltimas semanas, que es el agua llegando a los domicilios\u201d, agreg\u00f3.<\/p>\n<p>\u00a0<\/p>\n<p>\u201cD\u00eda a d\u00eda vemos c\u00f3mo los vecinos reciben el agua&quot;<\/p>\n<p>Frente a la difusi\u00f3n, que alcanz\u00f3 nivel nacional, de la inauguraci\u00f3n de \u201cuna canilla\u201d o de una obra no terminada, promovida desde la oposici\u00f3n en la provincia, Ben\u00edtez enfatiz\u00f3: \u201cSiempre las conquistas del pueblo han sido boicoteadas. Pero nosotros no nos hemos dejado nublar y lo verificamos d\u00eda a d\u00eda cuando salimos a recorrer cada barrio con el equipo de la intendenta Mar\u00eda Luisa Chomiak, casa por casa, golpeando las manos y viendo c\u00f3mo los vecinos reciben el agua\u201d.<\/p>\n<p>\u201cEl agua est\u00e1 cuando cada uno en un domicilio abre la conexi\u00f3n\u201d, dijo, y record\u00f3 que se ejecutaron un total de 9100 conexiones domiciliarias, todas las cuales tienen suministro diario de agua. \u201cTenemos en carpeta otras 1000 conexiones m\u00e1s junto con extensiones de ca\u00f1er\u00edas a barrios que surgieron despu\u00e9s que se dise\u00f1\u00f3 la obra\u201d, indic\u00f3.<\/p>\n<p>Sobre la importancia de la llegada de este servicio a una localidad que nunca en su historia de 107 a\u00f1os tuvo agua potable, Ben\u00edtez destac\u00f3 que \u201chay mucha gente, desde el gobernador hasta el \u00faltimo guardia que custodia los servicios en Charata\u201d involucrada en el logro porque \u201ces una conquista del pueblo chaque\u00f1o y del sudoeste entero\u201d. \u201cNo es s\u00f3lo Charata, Pinedo ser\u00e1 en un tiempo m\u00e1s una de las localidades beneficiadas con el abastecimiento y luego Las Bre\u00f1as\u201d, mencion\u00f3.<\/p>\n<p>\u00a0<\/p>\n<p>Situaciones diferentes<\/p>\n<p>\u00a0<\/p>\n<p>\u201cEn Resistencia la situaci\u00f3n del agua potable es completamente diferente a lo que se vive en el sudoeste. Ah\u00ed cuesta creer que haya localidades como Chorotis que no tiene ni siquiera redes. Eso pasaba aqu\u00ed en Charata hace ocho a\u00f1os y la intendencia hac\u00eda un gran esfuerzo para llevar agua a los domicilios utilizando plantas de \u00f3smosis inversa. Hoy esa realidad ha cambiado porque en su casa la gente est\u00e1 cargando sus dep\u00f3sitos y tanques\u201d, expuso finalmente.<\/p><\/div>\n","protected":false},"excerpt":{"rendered":"<p>A las 9100 conexiones que reciben agua a diario, se suma una demanda por otras 1000 m\u00e1s en barrios que, al momento de concretarse el tendido actual de redes domiciliarias, a\u00fan no exist\u00edan. Julio Ben\u00edtez, jefe de la Zona 3 de Sameep con base en Charata, detalla los pasos dados y lo que resta para [&hellip;]<\/p>\n","protected":false},"author":1,"featured_media":12487,"comment_status":"closed","ping_status":"closed","sticky":false,"template":"","format":"standard","meta":{"footnotes":""},"categories":[6],"tags":[],"class_list":{"0":"post-12486","1":"post","2":"type-post","3":"status-publish","4":"format-standard","5":"has-post-thumbnail","7":"category-chaco"},"_links":{"self":[{"href":"https:\/\/chacosintesis.com.ar\/index.php\/wp-json\/wp\/v2\/posts\/12486","targetHints":{"allow":["GET"]}}],"collection":[{"href":"https:\/\/chacosintesis.com.ar\/index.php\/wp-json\/wp\/v2\/posts"}],"about":[{"href":"https:\/\/chacosintesis.com.ar\/index.php\/wp-json\/wp\/v2\/types\/post"}],"author":[{"embeddable":true,"href":"https:\/\/chacosintesis.com.ar\/index.php\/wp-json\/wp\/v2\/users\/1"}],"replies":[{"embeddable":true,"href":"https:\/\/chacosintesis.com.ar\/index.php\/wp-json\/wp\/v2\/comments?post=12486"}],"version-history":[{"count":0,"href":"https:\/\/chacosintesis.com.ar\/index.php\/wp-json\/wp\/v2\/posts\/12486\/revisions"}],"wp:featuredmedia":[{"embeddable":true,"href":"https:\/\/chacosintesis.com.ar\/index.php\/wp-json\/wp\/v2\/media\/12487"}],"wp:attachment":[{"href":"https:\/\/chacosintesis.com.ar\/index.php\/wp-json\/wp\/v2\/media?parent=12486"}],"wp:term":[{"taxonomy":"category","embeddable":true,"href":"https:\/\/chacosintesis.com.ar\/index.php\/wp-json\/wp\/v2\/categories?post=12486"},{"taxonomy":"post_tag","embeddable":true,"href":"https:\/\/chacosintesis.com.ar\/index.php\/wp-json\/wp\/v2\/tags?post=12486"}],"curies":[{"name":"wp","href":"https:\/\/api.w.org\/{rel}","templated":true}]}}