{"id":12477,"date":"2021-10-25T12:37:05","date_gmt":"2021-10-25T15:37:05","guid":{"rendered":"https:\/\/chacosintesis.com.ar\/?p=12477"},"modified":"2021-10-25T12:37:06","modified_gmt":"2021-10-25T15:37:06","slug":"si-la-gente-nos-acompana-y-ganamos-vamos-a-solicitar-la-presidencia-de-la-camara-dijo-carim-peche","status":"publish","type":"post","link":"https:\/\/chacosintesis.com.ar\/index.php\/si-la-gente-nos-acompana-y-ganamos-vamos-a-solicitar-la-presidencia-de-la-camara-dijo-carim-peche\/","title":{"rendered":"\u201cSi la gente nos acompa\u00f1a y ganamos, vamos a solicitar la presidencia de la C\u00e1mara\u201d, dijo Carim Peche"},"content":{"rendered":"\n<p>El presidente del bloque radical en la C\u00e1mara de Diputados provincial dijo que \u201cel que gana las elecciones lleva la presidencia\u201d.<\/p>\n\n\n\n<p><strong>Carim Peche<\/strong>, actual diputado provincial y candidato a renovar su banca por el radicalismo, adelant\u00f3 que de repetirse los resultados de las PASO y consagrarse como ganadores de las elecciones generales, el radicalismo y aliados buscar\u00e1n quedarse con la presidencia de la Legislatura.\u00a0Peche, que es el jefe del bloque UCR, coment\u00f3 en principio que se encontraba recorriendo S\u00e1enz Pe\u00f1a donde \u201cexplico las propuestas y tambi\u00e9n hay reclamos por supuesto, no todo es bueno\u201d, sobre lo que a\u00f1adi\u00f3 que \u201cla situaci\u00f3n econ\u00f3mica no est\u00e1 bien, la gente no llega a mediados de mes y hay preocupaciones con eso y con la inseguridad\u201d.\u00a0<\/p>\n\n\n\n<p>En contacto con La Radio, dijo que \u201c<strong>tratamos de contarles los proyectos que presentamos y que lamentablemente no tenemos los n\u00fameros en la C\u00e1mara de Diputados, somos 10 diputados radicales sobre 32 legisladores, entonces buscar un equilibrio legislativo para que no tenga una mayor\u00eda agravada el oficialismo<\/strong>\u201d.\u00a0<\/p>\n\n\n\n<p>Eso dio pie a la consulta sobre\u00a0<strong>la posibilidad de disputar la presidencia de la C\u00e1mara de Diputados luego del 14 de noviembre<\/strong>, sobre lo que el legislador se\u00f1al\u00f3 que \u201c<strong>siempre el que gana las elecciones lleva la presidencia, es una cuesti\u00f3n de costumbre, no es que hay una ley que lo diga, pero siempre fue as\u00ed. Del 83 a la fecha se manejaron de esta manera<\/strong>\u201d.\u00a0\u201c<strong>Nosotros por supuesto que si tenemos el acompa\u00f1amiento de la sociedad que le est\u00e1 marcando al oficialismo que no est\u00e1n haciendo bien las cosas, nos acompa\u00f1an en la elecci\u00f3n del 14 de noviembre y\u00a0llegamos a ganar, por supuesto que vamos a solicitar que nos den la presidencia de la C\u00e1mara<\/strong>\u201d, asegur\u00f3.<\/p>\n\n\n\n<p>As\u00ed las cosas, ante la pregunta sobre si ayudar\u00edan a gobernar teniendo la presidencia del Poder Legislativo, manifest\u00f3 que \u201c<strong>por supuesto, porque cada medida que toma un gobernante va dirigida a la gente y lo que tenemos que hacer es colaborar para que nuestra provincia siga creciendo y desarroll\u00e1ndose. Hace muchos a\u00f1os lo hacemos<\/strong>\u201d.\u00a0\u201c<strong>Lamentablemente por ah\u00ed no hay el di\u00e1logo que nosotros queremos porque el gobierno se maneja a su manera, teniendo la mayor\u00eda autom\u00e1tica en la c\u00e1mara de Diputados, con un Poder Ejecutivo que a mi entender se est\u00e1 equivocando mucho tanto a nivel provincial como nacional<\/strong>\u201d, a\u00f1adi\u00f3 Carim Peche y cerr\u00f3: \u201c<strong>Nosotros vamos a tratar siempre que a los chaque\u00f1os nos vaya bien<\/strong>\u201d.<\/p>\n\n\n\n<p>DIARIO CHACO.-<\/p>\n","protected":false},"excerpt":{"rendered":"<p>El presidente del bloque radical en la C\u00e1mara de Diputados provincial dijo que \u201cel que gana las elecciones lleva la presidencia\u201d. Carim Peche, actual diputado provincial y candidato a renovar su banca por el radicalismo, adelant\u00f3 que de repetirse los resultados de las PASO y consagrarse como ganadores de las elecciones generales, el radicalismo y [&hellip;]<\/p>\n","protected":false},"author":1,"featured_media":12478,"comment_status":"closed","ping_status":"closed","sticky":false,"template":"","format":"standard","meta":{"footnotes":""},"categories":[6],"tags":[60],"class_list":{"0":"post-12477","1":"post","2":"type-post","3":"status-publish","4":"format-standard","5":"has-post-thumbnail","7":"category-chaco","8":"tag-featured"},"_links":{"self":[{"href":"https:\/\/chacosintesis.com.ar\/index.php\/wp-json\/wp\/v2\/posts\/12477","targetHints":{"allow":["GET"]}}],"collection":[{"href":"https:\/\/chacosintesis.com.ar\/index.php\/wp-json\/wp\/v2\/posts"}],"about":[{"href":"https:\/\/chacosintesis.com.ar\/index.php\/wp-json\/wp\/v2\/types\/post"}],"author":[{"embeddable":true,"href":"https:\/\/chacosintesis.com.ar\/index.php\/wp-json\/wp\/v2\/users\/1"}],"replies":[{"embeddable":true,"href":"https:\/\/chacosintesis.com.ar\/index.php\/wp-json\/wp\/v2\/comments?post=12477"}],"version-history":[{"count":0,"href":"https:\/\/chacosintesis.com.ar\/index.php\/wp-json\/wp\/v2\/posts\/12477\/revisions"}],"wp:featuredmedia":[{"embeddable":true,"href":"https:\/\/chacosintesis.com.ar\/index.php\/wp-json\/wp\/v2\/media\/12478"}],"wp:attachment":[{"href":"https:\/\/chacosintesis.com.ar\/index.php\/wp-json\/wp\/v2\/media?parent=12477"}],"wp:term":[{"taxonomy":"category","embeddable":true,"href":"https:\/\/chacosintesis.com.ar\/index.php\/wp-json\/wp\/v2\/categories?post=12477"},{"taxonomy":"post_tag","embeddable":true,"href":"https:\/\/chacosintesis.com.ar\/index.php\/wp-json\/wp\/v2\/tags?post=12477"}],"curies":[{"name":"wp","href":"https:\/\/api.w.org\/{rel}","templated":true}]}}