{"id":12469,"date":"2021-10-24T23:51:14","date_gmt":"2021-10-25T02:51:14","guid":{"rendered":"https:\/\/chacosintesis.com.ar\/?p=12469"},"modified":"2021-10-25T00:06:39","modified_gmt":"2021-10-25T03:06:39","slug":"la-iglesia-catolica-critico-manipulacion-ideologica-de-los-pobres-e-insto-a-trabajar-por-ellos","status":"publish","type":"post","link":"https:\/\/chacosintesis.com.ar\/index.php\/la-iglesia-catolica-critico-manipulacion-ideologica-de-los-pobres-e-insto-a-trabajar-por-ellos\/","title":{"rendered":"La Iglesia cat\u00f3lica critic\u00f3 &#8220;manipulaci\u00f3n ideol\u00f3gica de los pobres&#8221; e inst\u00f3 a &#8220;trabajar&#8221; por ellos"},"content":{"rendered":"<div dir=\"ltr\">El obispo de San Isidro y presidente de la Conferencia Episcopal Argentina (CEA), monse\u00f1or Oscar Vicente Ojea, critic\u00f3 hoy &quot;las manipulaciones ideol\u00f3gicas que tantas veces utilizan a los pobres para hacerlos invisibles&quot; y exhort\u00f3 a &quot;trabajar al servicio de los m\u00e1s pobres de esta tierra&quot; y responder &quot;al clamor de los que claman por tierra, techo y trabajo&quot;.<\/p>\n<p>El presidente del Episcopado consider\u00f3 que &quot;la Iglesia de este tiempo tiene que mirar hacia donde mira a Jes\u00fas y tiene que hacer visible lo invisible&quot;.<\/p>\n<p>En su reflexi\u00f3n para el trig\u00e9simo domingo del tiempo durante el a\u00f1o, Ojea apel\u00f3 al Evangelio de San Marcos, en el que Jes\u00fas aparece rodeado de una multitud saliendo de Jeric\u00f3, y relat\u00f3 el caso del ciego al que el hijo de Dios incorpora cuando los otros lo quer\u00edan apartar e invisibilizar.<\/p>\n<p>&quot;Al ir, aparentemente, terminando esta pandemia o siguiendo de otra manera, el Santo Padre ha tenido una reuni\u00f3n con los movimientos populares y all\u00ed han hecho una extraordinaria interpelaci\u00f3n a los pa\u00edses poderosos, a los laboratorios, a los grupos financieros, a los medios de comunicaci\u00f3n; en el fondo para detenerse ante la realidad de los que han sido m\u00e1s castigados por esta pandemia&quot;, se\u00f1al\u00f3.<\/p>\n<p>A\u00f1adi\u00f3 que &quot;la Iglesia, mucho m\u00e1s all\u00e1 de las manipulaciones ideol\u00f3gicas que tantas veces utilizan a los pobres para hacerlos invisibles, mucho m\u00e1s all\u00e1 de todo esto, la Iglesia tiene que dirigir su mirada al clamor y al grito de los pobres porque all\u00ed est\u00e1 la mirada de Jes\u00fas&quot;.<\/p>\n<p>&quot;Simplemente la Iglesia tiene que ser fiel a su Evangelio, por eso tiene que acompa\u00f1ar al papa Francisco en esta respuesta al clamor de los que claman por tierra, techo y trabajo&quot;, sostuvo.<\/p>\n<p>En su analog\u00eda con el Evangelio seg\u00fan San Marcos, Ojea record\u00f3 que cuando Jes\u00fas se desplazaba con la multitud &quot;hab\u00eda un ciego al costado del camino que gritaba y quer\u00edan hacerlo callar porque molestaba; de alguna manera no exist\u00eda&quot;. &quot;Este ciego pertenec\u00eda al paisaje habitual de la regi\u00f3n y sin embargo parte de la multitud lo hace invisible, es como si no existiera, no pod\u00eda gritar, era importante lo que dec\u00edan ellos, lo que ellos le demandaban a Jes\u00fas, no lo que gritaba el ciego&quot;, detall\u00f3.<\/p>\n<p>&quot;Pensemos en el drama de la ceguera. No estar cerca ni de los colores ni de las formas y al mismo tiempo tener los ojos apagados hasta para ver la luminosidad de los ojos queridos; y el hecho de ser pobre, de estar al margen del camino y necesitado de pedir limosna, entonces sabe que va a pasar Jes\u00fas y le grita, clama a \u00e9l con el t\u00edtulo mesi\u00e1nico: &#39;Jes\u00fas hijo de David ten compasi\u00f3n de m\u00ed&#39;&quot;, subray\u00f3 el prelado en su mensaje, inform\u00f3 la agencia AICA.<\/p>\n<p>El obispo explic\u00f3 que el ciego &quot;esperaba en Jes\u00fas&quot; e indic\u00f3 que se ve la actitud de Jes\u00fas: &quot;\u00c9l es el que escucha atravesando ese bosque de ruidos de palabras y de inconvenientes que quer\u00edan hacer callar al ciego&quot;.<\/p>\n<p>&quot;\u00c9l se detiene y lo hace llamar y el ciego tirando aquello que ten\u00eda que era el manto, que era lo que ten\u00eda para recostarse, se acerca a Jes\u00fas y Jes\u00fas con una delicadeza extraordinaria, cuando uno espera que haga el milagro, le dice: &#39;Qu\u00e9 quieres que haga por ti&#39;. Le va a devolver su dignidad, lo hace para participar: &#39;\u00bfQu\u00e9 es lo que vos quer\u00e9s?&#39;. No le impone nada, no lo atropella. Le dice: &#39;Se\u00f1or que vea&#39;, y finalmente lo incluye en el camino al ver a ese ciego que estaba al borde, al margen del camino, pobre, marginado y ciego, va a aparecer siguiendo a Jes\u00fas\u2026participando&quot;.<\/p>\n<p>Monse\u00f1or Ojea expres\u00f3 finalmente: &quot;Que el Se\u00f1or nos conceda aprender a mirar; sacar todos los obst\u00e1culos que hagan invisible lo que debe ser visible, la realidad m\u00e1s inmediata y que nos d\u00e9 luz para poder, al dirigir esa mirada, trabajar al servicio de los m\u00e1s pobres de esta tierra&quot;.<\/p>\n<p>Fuente: T\u00e9lam.<\/p>\n<div><\/div>\n<div><\/div>\n<\/div>\n","protected":false},"excerpt":{"rendered":"<p>El obispo de San Isidro y presidente de la Conferencia Episcopal Argentina (CEA), monse\u00f1or Oscar Vicente Ojea, critic\u00f3 hoy &quot;las manipulaciones ideol\u00f3gicas que tantas veces utilizan a los pobres para hacerlos invisibles&quot; y exhort\u00f3 a &quot;trabajar al servicio de los m\u00e1s pobres de esta tierra&quot; y responder &quot;al clamor de los que claman por tierra, [&hellip;]<\/p>\n","protected":false},"author":1,"featured_media":12470,"comment_status":"closed","ping_status":"closed","sticky":false,"template":"","format":"standard","meta":{"footnotes":""},"categories":[6],"tags":[60],"class_list":{"0":"post-12469","1":"post","2":"type-post","3":"status-publish","4":"format-standard","5":"has-post-thumbnail","7":"category-chaco","8":"tag-featured"},"_links":{"self":[{"href":"https:\/\/chacosintesis.com.ar\/index.php\/wp-json\/wp\/v2\/posts\/12469","targetHints":{"allow":["GET"]}}],"collection":[{"href":"https:\/\/chacosintesis.com.ar\/index.php\/wp-json\/wp\/v2\/posts"}],"about":[{"href":"https:\/\/chacosintesis.com.ar\/index.php\/wp-json\/wp\/v2\/types\/post"}],"author":[{"embeddable":true,"href":"https:\/\/chacosintesis.com.ar\/index.php\/wp-json\/wp\/v2\/users\/1"}],"replies":[{"embeddable":true,"href":"https:\/\/chacosintesis.com.ar\/index.php\/wp-json\/wp\/v2\/comments?post=12469"}],"version-history":[{"count":0,"href":"https:\/\/chacosintesis.com.ar\/index.php\/wp-json\/wp\/v2\/posts\/12469\/revisions"}],"wp:featuredmedia":[{"embeddable":true,"href":"https:\/\/chacosintesis.com.ar\/index.php\/wp-json\/wp\/v2\/media\/12470"}],"wp:attachment":[{"href":"https:\/\/chacosintesis.com.ar\/index.php\/wp-json\/wp\/v2\/media?parent=12469"}],"wp:term":[{"taxonomy":"category","embeddable":true,"href":"https:\/\/chacosintesis.com.ar\/index.php\/wp-json\/wp\/v2\/categories?post=12469"},{"taxonomy":"post_tag","embeddable":true,"href":"https:\/\/chacosintesis.com.ar\/index.php\/wp-json\/wp\/v2\/tags?post=12469"}],"curies":[{"name":"wp","href":"https:\/\/api.w.org\/{rel}","templated":true}]}}