{"id":12459,"date":"2021-10-24T10:21:19","date_gmt":"2021-10-24T13:21:19","guid":{"rendered":"https:\/\/chacosintesis.com.ar\/?p=12459"},"modified":"2021-10-24T10:36:57","modified_gmt":"2021-10-24T13:36:57","slug":"grave-siniestro-en-resistencia-choco-un-poste-de-luz-con-su-auto-y-quedo-atrapado","status":"publish","type":"post","link":"https:\/\/chacosintesis.com.ar\/index.php\/grave-siniestro-en-resistencia-choco-un-poste-de-luz-con-su-auto-y-quedo-atrapado\/","title":{"rendered":"Grave siniestro en Resistencia: Choc\u00f3 un poste de luz con su auto y qued\u00f3 atrapado"},"content":{"rendered":"<div dir=\"ltr\">El accidente ocurri\u00f3 en la madrugada de este domingo en el cruce entre Edison y Los Hacheros.<\/p>\n<p>Un fuerte siniestro vial tuvo lugar en horas de la madrugada de este domingo 24, en la intersecci\u00f3n entre la avenida Edison y Los Hacheros. El conductor de un veh\u00edculo habr\u00eda perdido el control del mismo -por causas que a\u00fan se tratan de establecer- y colisionado de costado contra un poste de luz.<\/p>\n<p>Intervinieron en el hecho agentes de Bomberos para sacar al conductor del rodado, ya que hab\u00eda quedado atrapado en su asiento. El veh\u00edculo adem\u00e1s sufri\u00f3 graves da\u00f1os materiales en ambos costados.<\/p>\n<p>Diario21.-<\/p><\/div>\n","protected":false},"excerpt":{"rendered":"<p>El accidente ocurri\u00f3 en la madrugada de este domingo en el cruce entre Edison y Los Hacheros. Un fuerte siniestro vial tuvo lugar en horas de la madrugada de este domingo 24, en la intersecci\u00f3n entre la avenida Edison y Los Hacheros. El conductor de un veh\u00edculo habr\u00eda perdido el control del mismo -por causas [&hellip;]<\/p>\n","protected":false},"author":1,"featured_media":12460,"comment_status":"closed","ping_status":"closed","sticky":false,"template":"","format":"standard","meta":{"footnotes":""},"categories":[6],"tags":[],"class_list":{"0":"post-12459","1":"post","2":"type-post","3":"status-publish","4":"format-standard","5":"has-post-thumbnail","7":"category-chaco"},"_links":{"self":[{"href":"https:\/\/chacosintesis.com.ar\/index.php\/wp-json\/wp\/v2\/posts\/12459","targetHints":{"allow":["GET"]}}],"collection":[{"href":"https:\/\/chacosintesis.com.ar\/index.php\/wp-json\/wp\/v2\/posts"}],"about":[{"href":"https:\/\/chacosintesis.com.ar\/index.php\/wp-json\/wp\/v2\/types\/post"}],"author":[{"embeddable":true,"href":"https:\/\/chacosintesis.com.ar\/index.php\/wp-json\/wp\/v2\/users\/1"}],"replies":[{"embeddable":true,"href":"https:\/\/chacosintesis.com.ar\/index.php\/wp-json\/wp\/v2\/comments?post=12459"}],"version-history":[{"count":0,"href":"https:\/\/chacosintesis.com.ar\/index.php\/wp-json\/wp\/v2\/posts\/12459\/revisions"}],"wp:featuredmedia":[{"embeddable":true,"href":"https:\/\/chacosintesis.com.ar\/index.php\/wp-json\/wp\/v2\/media\/12460"}],"wp:attachment":[{"href":"https:\/\/chacosintesis.com.ar\/index.php\/wp-json\/wp\/v2\/media?parent=12459"}],"wp:term":[{"taxonomy":"category","embeddable":true,"href":"https:\/\/chacosintesis.com.ar\/index.php\/wp-json\/wp\/v2\/categories?post=12459"},{"taxonomy":"post_tag","embeddable":true,"href":"https:\/\/chacosintesis.com.ar\/index.php\/wp-json\/wp\/v2\/tags?post=12459"}],"curies":[{"name":"wp","href":"https:\/\/api.w.org\/{rel}","templated":true}]}}